
{"id":8533,"date":"2008-01-01T15:58:00","date_gmt":"2008-01-01T15:58:00","guid":{"rendered":"http:\/\/adamczewscy.nowy-swiat.pl\/?p=475"},"modified":"2008-01-01T15:58:00","modified_gmt":"2008-01-01T15:58:00","slug":"rydze-smazone-w-ciescie","status":"publish","type":"post","link":"https:\/\/blog.polityka.pl\/adamczewski\/2008\/01\/01\/rydze-smazone-w-ciescie\/","title":{"rendered":"Rydze sma\u017cone w cie\u015bcie"},"content":{"rendered":"<p><em>(6 porcji)<br \/>\n60 dag rydz\u00f3w, 3\/4 szklanki m\u0105ki, 3\/4 szklanki \u015bmietanki, jajko, s\u00f3l, pieprz<br \/>\ndo sma\u017cenia: 6 \u0142y\u017cek oleju<\/em><\/p>\n<p>1. Przygotowa\u0107 ciasto, mieszaj\u0105c \u015bmietank\u0119 z m\u0105k\u0105 (odsypa\u0107 2 \u0142y\u017cki m\u0105ki) i jajkiem, doda\u0107 s\u00f3l i pieprz. Po dok\u0142adnym wymieszaniu odstawi\u0107 na co najmniej kwadrans.<br \/>\n2. Rydze oczy\u015bci\u0107, umy\u0107, poobcina\u0107 ogonki, mo\u017cna lekko posoli\u0107, ale nie jest to konieczne, je\u015bli posolone zosta\u0142o ciasto.<br \/>\n3. Na patelni rozgrza\u0107 olej.<br \/>\n4. Macza\u0107 ka\u017cdy kapelusz rydza najpierw w m\u0105ce, a nast\u0119pnie w cie\u015bcie. U\u0142o\u017cy\u0107 na patelni i sma\u017cy\u0107 na z\u0142ocisto z obu stron.<\/p>\n","protected":false},"excerpt":{"rendered":"<p>(6 porcji) 60 dag rydz\u00f3w, 3\/4 szklanki m\u0105ki, 3\/4 szklanki \u015bmietanki, jajko, s\u00f3l, pieprz do sma\u017cenia: 6 \u0142y\u017cek oleju 1. Przygotowa\u0107 ciasto, mieszaj\u0105c \u015bmietank\u0119 z m\u0105k\u0105 (odsypa\u0107 2 \u0142y\u017cki m\u0105ki) i jajkiem, doda\u0107 s\u00f3l i pieprz. Po dok\u0142adnym wymieszaniu odstawi\u0107 na co najmniej kwadrans. 2. Rydze oczy\u015bci\u0107, umy\u0107, poobcina\u0107 ogonki, mo\u017cna lekko posoli\u0107, ale nie [&hellip;]<\/p>\n","protected":false},"author":2,"featured_media":0,"comment_status":"open","ping_status":"open","sticky":false,"template":"","format":"standard","meta":{"footnotes":""},"categories":[1],"tags":[],"_links":{"self":[{"href":"https:\/\/blog.polityka.pl\/adamczewski\/wp-json\/wp\/v2\/posts\/8533"}],"collection":[{"href":"https:\/\/blog.polityka.pl\/adamczewski\/wp-json\/wp\/v2\/posts"}],"about":[{"href":"https:\/\/blog.polityka.pl\/adamczewski\/wp-json\/wp\/v2\/types\/post"}],"author":[{"embeddable":true,"href":"https:\/\/blog.polityka.pl\/adamczewski\/wp-json\/wp\/v2\/users\/2"}],"replies":[{"embeddable":true,"href":"https:\/\/blog.polityka.pl\/adamczewski\/wp-json\/wp\/v2\/comments?post=8533"}],"version-history":[{"count":0,"href":"https:\/\/blog.polityka.pl\/adamczewski\/wp-json\/wp\/v2\/posts\/8533\/revisions"}],"wp:attachment":[{"href":"https:\/\/blog.polityka.pl\/adamczewski\/wp-json\/wp\/v2\/media?parent=8533"}],"wp:term":[{"taxonomy":"category","embeddable":true,"href":"https:\/\/blog.polityka.pl\/adamczewski\/wp-json\/wp\/v2\/categories?post=8533"},{"taxonomy":"post_tag","embeddable":true,"href":"https:\/\/blog.polityka.pl\/adamczewski\/wp-json\/wp\/v2\/tags?post=8533"}],"curies":[{"name":"wp","href":"https:\/\/api.w.org\/{rel}","templated":true}]}}