
{"id":8541,"date":"2008-01-01T15:58:00","date_gmt":"2008-01-01T15:58:00","guid":{"rendered":"http:\/\/adamczewscy.nowy-swiat.pl\/?p=483"},"modified":"2008-01-01T15:58:00","modified_gmt":"2008-01-01T15:58:00","slug":"jajecznica-staropolska-z-winem","status":"publish","type":"post","link":"https:\/\/blog.polityka.pl\/adamczewski\/2008\/01\/01\/jajecznica-staropolska-z-winem\/","title":{"rendered":"Jajecznica staropolska z winem"},"content":{"rendered":"<p><em>(3-4 porcje)<\/em><\/p>\n<p><em>6 jajek, 1\/2 szklanki dowolnego wina (mo\u017ce by\u0107 s\u0142odkie wino domowe), \u0142y\u017cka cukru, szczypta soli, szczypta cynamonu, \u0142y\u017cka mas\u0142a<\/em><\/p>\n<p>1. Jajka ubi\u0107 lekko z winem, cukrem, sol\u0105 i cynamonem.<br \/>\n2. Na patelni rozgrza\u0107 mas\u0142o, wyla\u0107 mas\u0119, chwil\u0119 sma\u017cy\u0107, mieszaj\u0105c, na koniec g\u0119stniej\u0105c\u0105 mas\u0119 pozostawi\u0107, aby lekko podsma\u017cy\u0142a si\u0119 od spodu.<\/p>\n","protected":false},"excerpt":{"rendered":"<p>(3-4 porcje) 6 jajek, 1\/2 szklanki dowolnego wina (mo\u017ce by\u0107 s\u0142odkie wino domowe), \u0142y\u017cka cukru, szczypta soli, szczypta cynamonu, \u0142y\u017cka mas\u0142a 1. Jajka ubi\u0107 lekko z winem, cukrem, sol\u0105 i cynamonem. 2. Na patelni rozgrza\u0107 mas\u0142o, wyla\u0107 mas\u0119, chwil\u0119 sma\u017cy\u0107, mieszaj\u0105c, na koniec g\u0119stniej\u0105c\u0105 mas\u0119 pozostawi\u0107, aby lekko podsma\u017cy\u0142a si\u0119 od spodu.<\/p>\n","protected":false},"author":2,"featured_media":0,"comment_status":"open","ping_status":"open","sticky":false,"template":"","format":"standard","meta":{"footnotes":""},"categories":[1],"tags":[],"_links":{"self":[{"href":"https:\/\/blog.polityka.pl\/adamczewski\/wp-json\/wp\/v2\/posts\/8541"}],"collection":[{"href":"https:\/\/blog.polityka.pl\/adamczewski\/wp-json\/wp\/v2\/posts"}],"about":[{"href":"https:\/\/blog.polityka.pl\/adamczewski\/wp-json\/wp\/v2\/types\/post"}],"author":[{"embeddable":true,"href":"https:\/\/blog.polityka.pl\/adamczewski\/wp-json\/wp\/v2\/users\/2"}],"replies":[{"embeddable":true,"href":"https:\/\/blog.polityka.pl\/adamczewski\/wp-json\/wp\/v2\/comments?post=8541"}],"version-history":[{"count":0,"href":"https:\/\/blog.polityka.pl\/adamczewski\/wp-json\/wp\/v2\/posts\/8541\/revisions"}],"wp:attachment":[{"href":"https:\/\/blog.polityka.pl\/adamczewski\/wp-json\/wp\/v2\/media?parent=8541"}],"wp:term":[{"taxonomy":"category","embeddable":true,"href":"https:\/\/blog.polityka.pl\/adamczewski\/wp-json\/wp\/v2\/categories?post=8541"},{"taxonomy":"post_tag","embeddable":true,"href":"https:\/\/blog.polityka.pl\/adamczewski\/wp-json\/wp\/v2\/tags?post=8541"}],"curies":[{"name":"wp","href":"https:\/\/api.w.org\/{rel}","templated":true}]}}