
{"id":8546,"date":"2008-01-01T15:58:00","date_gmt":"2008-01-01T15:58:00","guid":{"rendered":"http:\/\/adamczewscy.nowy-swiat.pl\/?p=488"},"modified":"2008-01-01T15:58:00","modified_gmt":"2008-01-01T15:58:00","slug":"jajka-w-koszulkach-zapiekane-w-sosie-smietanowym","status":"publish","type":"post","link":"https:\/\/blog.polityka.pl\/adamczewski\/2008\/01\/01\/jajka-w-koszulkach-zapiekane-w-sosie-smietanowym\/","title":{"rendered":"Jajka w koszulkach zapiekane w sosie \u015bmietanowym"},"content":{"rendered":"<p><em>(4 porcje)<\/em><\/p>\n<p><em>8 jajek, 5 \u0142y\u017cek octu, 3 ziarna pieprzu, 2 ziarna ziela angielskiego, kawa\u0142eczek li\u015bcia laurowego, szklanka \u015bmietany 18% , \u0142y\u017cka m\u0105ki, s\u00f3l, sok cytrynowy do smaku, 2 \u0142y\u017cki siekanego szczypiorku, 1\/2 szklanki startego \u017c\u00f3\u0142tego sera<\/em><\/p>\n<p>1. Ugotowa\u0107 jajka w koszulkach wed\u0142ug przepisu.<br \/>\n2. Przygotowa\u0107 sos: \u015bmietan\u0119 wymiesza\u0107 z m\u0105k\u0105, sokiem z cytryny oraz sol\u0105, doda\u0107 szczypiorek i zagotowa\u0107.<br \/>\n3. Jajka w koszulkach u\u0142o\u017cy\u0107 w naczyniu do zapiekania, zala\u0107 sosem i posypa\u0107 z wierzchu startym \u017c\u00f3\u0142tym serem.<br \/>\n4. Zapieka\u0107 w piekarniku w temperaturze 180\u00b0C. do momentu, kiedy wierzch si\u0119 zrumieni.<\/p>\n","protected":false},"excerpt":{"rendered":"<p>(4 porcje) 8 jajek, 5 \u0142y\u017cek octu, 3 ziarna pieprzu, 2 ziarna ziela angielskiego, kawa\u0142eczek li\u015bcia laurowego, szklanka \u015bmietany 18% , \u0142y\u017cka m\u0105ki, s\u00f3l, sok cytrynowy do smaku, 2 \u0142y\u017cki siekanego szczypiorku, 1\/2 szklanki startego \u017c\u00f3\u0142tego sera 1. Ugotowa\u0107 jajka w koszulkach wed\u0142ug przepisu. 2. Przygotowa\u0107 sos: \u015bmietan\u0119 wymiesza\u0107 z m\u0105k\u0105, sokiem z cytryny oraz [&hellip;]<\/p>\n","protected":false},"author":2,"featured_media":0,"comment_status":"open","ping_status":"open","sticky":false,"template":"","format":"standard","meta":{"footnotes":""},"categories":[1],"tags":[],"_links":{"self":[{"href":"https:\/\/blog.polityka.pl\/adamczewski\/wp-json\/wp\/v2\/posts\/8546"}],"collection":[{"href":"https:\/\/blog.polityka.pl\/adamczewski\/wp-json\/wp\/v2\/posts"}],"about":[{"href":"https:\/\/blog.polityka.pl\/adamczewski\/wp-json\/wp\/v2\/types\/post"}],"author":[{"embeddable":true,"href":"https:\/\/blog.polityka.pl\/adamczewski\/wp-json\/wp\/v2\/users\/2"}],"replies":[{"embeddable":true,"href":"https:\/\/blog.polityka.pl\/adamczewski\/wp-json\/wp\/v2\/comments?post=8546"}],"version-history":[{"count":0,"href":"https:\/\/blog.polityka.pl\/adamczewski\/wp-json\/wp\/v2\/posts\/8546\/revisions"}],"wp:attachment":[{"href":"https:\/\/blog.polityka.pl\/adamczewski\/wp-json\/wp\/v2\/media?parent=8546"}],"wp:term":[{"taxonomy":"category","embeddable":true,"href":"https:\/\/blog.polityka.pl\/adamczewski\/wp-json\/wp\/v2\/categories?post=8546"},{"taxonomy":"post_tag","embeddable":true,"href":"https:\/\/blog.polityka.pl\/adamczewski\/wp-json\/wp\/v2\/tags?post=8546"}],"curies":[{"name":"wp","href":"https:\/\/api.w.org\/{rel}","templated":true}]}}