
{"id":8551,"date":"2008-01-01T15:58:00","date_gmt":"2008-01-01T15:58:00","guid":{"rendered":"http:\/\/adamczewscy.nowy-swiat.pl\/?p=493"},"modified":"2008-01-01T15:58:00","modified_gmt":"2008-01-01T15:58:00","slug":"farsz-z-jajek-do-nalesnikow-lub-kruchych-pierozkow","status":"publish","type":"post","link":"https:\/\/blog.polityka.pl\/adamczewski\/2008\/01\/01\/farsz-z-jajek-do-nalesnikow-lub-kruchych-pierozkow\/","title":{"rendered":"Farsz z jajek do nale\u015bnik\u00f3w lub kruchych piero\u017ck\u00f3w"},"content":{"rendered":"<p><em>(4 porcje)<\/em><\/p>\n<p><em>8 jajek, 2 filety \u015bledziowe, \u0142y\u017cka mas\u0142a, \u0142y\u017cka siekanego szczypiorku, \u0142y\u017cka siekanej zielonej pietruszki, w razie potrzeby s\u00f3l<\/em><\/p>\n<p>1. Ugotowa\u0107 7 jajek, ostudzi\u0107, obra\u0107 i drobno posieka\u0107.<br \/>\n2. Filety \u015bledziowe moczy\u0107 przez 2 godziny, zmieniaj\u0105c cz\u0119sto wod\u0119. Osuszy\u0107 i posieka\u0107.<br \/>\n3. Rozpu\u015bci\u0107 mas\u0142o, poddusi\u0107 na nim jajka ze \u015bledziem, doda\u0107 szczypiorek i zielon\u0105 pietruszk\u0119, doprawi\u0107 sol\u0105. Po lekkim ostudzeniu doda\u0107 surowe jajko i wymiesza\u0107.<\/p>\n<p>Takim farszem mo\u017cna nape\u0142nia\u0107 kruche piero\u017cki i krokiety z nale\u015bnik\u00f3w. Postny charakter nadaj\u0105 potrawie nie tylko gotowane na twardo jajka, ale przede wszystkim \u015bled\u009f.<br \/>\n\u015aledzia mo\u017cna zast\u0105pi\u0107 filetami anchois, ale trzeba uwa\u017ca\u0107, aby nadzienie nie sta\u0142o si\u0119 zbyt s\u0142one.<\/p>\n","protected":false},"excerpt":{"rendered":"<p>(4 porcje) 8 jajek, 2 filety \u015bledziowe, \u0142y\u017cka mas\u0142a, \u0142y\u017cka siekanego szczypiorku, \u0142y\u017cka siekanej zielonej pietruszki, w razie potrzeby s\u00f3l 1. Ugotowa\u0107 7 jajek, ostudzi\u0107, obra\u0107 i drobno posieka\u0107. 2. Filety \u015bledziowe moczy\u0107 przez 2 godziny, zmieniaj\u0105c cz\u0119sto wod\u0119. Osuszy\u0107 i posieka\u0107. 3. Rozpu\u015bci\u0107 mas\u0142o, poddusi\u0107 na nim jajka ze \u015bledziem, doda\u0107 szczypiorek i zielon\u0105 [&hellip;]<\/p>\n","protected":false},"author":2,"featured_media":0,"comment_status":"open","ping_status":"open","sticky":false,"template":"","format":"standard","meta":{"footnotes":""},"categories":[1],"tags":[],"_links":{"self":[{"href":"https:\/\/blog.polityka.pl\/adamczewski\/wp-json\/wp\/v2\/posts\/8551"}],"collection":[{"href":"https:\/\/blog.polityka.pl\/adamczewski\/wp-json\/wp\/v2\/posts"}],"about":[{"href":"https:\/\/blog.polityka.pl\/adamczewski\/wp-json\/wp\/v2\/types\/post"}],"author":[{"embeddable":true,"href":"https:\/\/blog.polityka.pl\/adamczewski\/wp-json\/wp\/v2\/users\/2"}],"replies":[{"embeddable":true,"href":"https:\/\/blog.polityka.pl\/adamczewski\/wp-json\/wp\/v2\/comments?post=8551"}],"version-history":[{"count":0,"href":"https:\/\/blog.polityka.pl\/adamczewski\/wp-json\/wp\/v2\/posts\/8551\/revisions"}],"wp:attachment":[{"href":"https:\/\/blog.polityka.pl\/adamczewski\/wp-json\/wp\/v2\/media?parent=8551"}],"wp:term":[{"taxonomy":"category","embeddable":true,"href":"https:\/\/blog.polityka.pl\/adamczewski\/wp-json\/wp\/v2\/categories?post=8551"},{"taxonomy":"post_tag","embeddable":true,"href":"https:\/\/blog.polityka.pl\/adamczewski\/wp-json\/wp\/v2\/tags?post=8551"}],"curies":[{"name":"wp","href":"https:\/\/api.w.org\/{rel}","templated":true}]}}