
{"id":8572,"date":"2008-01-01T15:58:00","date_gmt":"2008-01-01T15:58:00","guid":{"rendered":"http:\/\/adamczewscy.nowy-swiat.pl\/?p=516"},"modified":"2008-01-01T15:58:00","modified_gmt":"2008-01-01T15:58:00","slug":"ryba-pieczona-z-winem-i-smietana","status":"publish","type":"post","link":"https:\/\/blog.polityka.pl\/adamczewski\/2008\/01\/01\/ryba-pieczona-z-winem-i-smietana\/","title":{"rendered":"Ryba pieczona z winem i \u015bmietan\u0105"},"content":{"rendered":"<p><em>(4-6 porcji)<\/em><\/p>\n<p><em>karp, sandacz lub szczupak wagi ok. 1 kg, 2 \u0142y\u017cki mas\u0142a, s\u00f3l, pieprz,<\/em><em><br \/>\n<\/em><em> 1\/2 szklanki wina wytrawnego, 1\/2 szklanki \u015bmietany<\/em><\/p>\n<p>1. Ryb\u0119 sprawi\u0107, podzieli\u0107 na dzwonka, posypa\u0107 pieprzem i sol\u0105. U\u0142o\u017cy\u0107 na \u017caroodpornym p\u00f3\u0142misku w kszta\u0142t ca\u0142ej ryby. Na rybie pouk\u0142ada\u0107 kawa\u0142eczki mas\u0142a.<br \/>\n2. Wstawi\u0107 do piekarnika nagrzanego do temperatury 180\u00b0C i piec, polewaj\u0105c winem.<br \/>\n3. Kiedy ryba jest ju\u017c mi\u0119kka, zala\u0107 j\u0105 \u015bmietan\u0105 i piec jeszcze 5 minut, mieszaj\u0105c sos i cz\u0119sto polewaj\u0105c nim ryb\u0119.<\/p>\n","protected":false},"excerpt":{"rendered":"<p>(4-6 porcji) karp, sandacz lub szczupak wagi ok. 1 kg, 2 \u0142y\u017cki mas\u0142a, s\u00f3l, pieprz, 1\/2 szklanki wina wytrawnego, 1\/2 szklanki \u015bmietany 1. Ryb\u0119 sprawi\u0107, podzieli\u0107 na dzwonka, posypa\u0107 pieprzem i sol\u0105. U\u0142o\u017cy\u0107 na \u017caroodpornym p\u00f3\u0142misku w kszta\u0142t ca\u0142ej ryby. Na rybie pouk\u0142ada\u0107 kawa\u0142eczki mas\u0142a. 2. Wstawi\u0107 do piekarnika nagrzanego do temperatury 180\u00b0C i piec, [&hellip;]<\/p>\n","protected":false},"author":2,"featured_media":0,"comment_status":"open","ping_status":"open","sticky":false,"template":"","format":"standard","meta":{"footnotes":""},"categories":[1],"tags":[],"_links":{"self":[{"href":"https:\/\/blog.polityka.pl\/adamczewski\/wp-json\/wp\/v2\/posts\/8572"}],"collection":[{"href":"https:\/\/blog.polityka.pl\/adamczewski\/wp-json\/wp\/v2\/posts"}],"about":[{"href":"https:\/\/blog.polityka.pl\/adamczewski\/wp-json\/wp\/v2\/types\/post"}],"author":[{"embeddable":true,"href":"https:\/\/blog.polityka.pl\/adamczewski\/wp-json\/wp\/v2\/users\/2"}],"replies":[{"embeddable":true,"href":"https:\/\/blog.polityka.pl\/adamczewski\/wp-json\/wp\/v2\/comments?post=8572"}],"version-history":[{"count":0,"href":"https:\/\/blog.polityka.pl\/adamczewski\/wp-json\/wp\/v2\/posts\/8572\/revisions"}],"wp:attachment":[{"href":"https:\/\/blog.polityka.pl\/adamczewski\/wp-json\/wp\/v2\/media?parent=8572"}],"wp:term":[{"taxonomy":"category","embeddable":true,"href":"https:\/\/blog.polityka.pl\/adamczewski\/wp-json\/wp\/v2\/categories?post=8572"},{"taxonomy":"post_tag","embeddable":true,"href":"https:\/\/blog.polityka.pl\/adamczewski\/wp-json\/wp\/v2\/tags?post=8572"}],"curies":[{"name":"wp","href":"https:\/\/api.w.org\/{rel}","templated":true}]}}