
{"id":8576,"date":"2008-01-01T15:58:00","date_gmt":"2008-01-01T15:58:00","guid":{"rendered":"http:\/\/adamczewscy.nowy-swiat.pl\/?p=520"},"modified":"2008-01-01T15:58:00","modified_gmt":"2008-01-01T15:58:00","slug":"szczupak-z-jarzynami","status":"publish","type":"post","link":"https:\/\/blog.polityka.pl\/adamczewski\/2008\/01\/01\/szczupak-z-jarzynami\/","title":{"rendered":"Szczupak z jarzynami"},"content":{"rendered":"<p><em>(4-6 porcji)<\/em><\/p>\n<p><em>szczupak wagi ok. 1 kg, 2 marchwie, pietruszka, cebula, po\u0142owa \u015bredniego selera, s\u00f3l, pieprz, 2 \u0142y\u017cki mas\u0142a<\/em><\/p>\n<p>1. Szczupaka sprawi\u0107 i pokroi\u0107 na porcje.<br \/>\n2. Warzywa posieka\u0107 lub zetrze\u0107 na tarce.<br \/>\n3. Naczynie do zapiekania wysmarowa\u0107 obficie mas\u0142em, u\u0142o\u017cy\u0107 warstw\u0119 jarzyn, na nich ryb\u0119, zn\u00f3w jarzyny &#8211; i tak do wyczerpania sk\u0142adnik\u00f3w. Ka\u017cd\u0105 warstw\u0119 posypa\u0107 sol\u0105 i pieprzem. Na wierzchu u\u0142o\u017cy\u0107 reszt\u0119 mas\u0142a.<br \/>\n4. Wstawi\u0107 do nagrzanego do temperatury 180\u00b0C piekarnika na p\u00f3\u0142 godziny. Gdyby wytworzy\u0142o si\u0119 zbyt wiele sosu, mo\u017cna go w po\u0142owie pieczenia posypa\u0107 nieco tart\u0105 bu\u0142k\u0105, kt\u00f3ra go zag\u0119\u015bci.<\/p>\n","protected":false},"excerpt":{"rendered":"<p>(4-6 porcji) szczupak wagi ok. 1 kg, 2 marchwie, pietruszka, cebula, po\u0142owa \u015bredniego selera, s\u00f3l, pieprz, 2 \u0142y\u017cki mas\u0142a 1. Szczupaka sprawi\u0107 i pokroi\u0107 na porcje. 2. Warzywa posieka\u0107 lub zetrze\u0107 na tarce. 3. Naczynie do zapiekania wysmarowa\u0107 obficie mas\u0142em, u\u0142o\u017cy\u0107 warstw\u0119 jarzyn, na nich ryb\u0119, zn\u00f3w jarzyny &#8211; i tak do wyczerpania sk\u0142adnik\u00f3w. Ka\u017cd\u0105 [&hellip;]<\/p>\n","protected":false},"author":2,"featured_media":0,"comment_status":"open","ping_status":"open","sticky":false,"template":"","format":"standard","meta":{"footnotes":""},"categories":[1],"tags":[],"_links":{"self":[{"href":"https:\/\/blog.polityka.pl\/adamczewski\/wp-json\/wp\/v2\/posts\/8576"}],"collection":[{"href":"https:\/\/blog.polityka.pl\/adamczewski\/wp-json\/wp\/v2\/posts"}],"about":[{"href":"https:\/\/blog.polityka.pl\/adamczewski\/wp-json\/wp\/v2\/types\/post"}],"author":[{"embeddable":true,"href":"https:\/\/blog.polityka.pl\/adamczewski\/wp-json\/wp\/v2\/users\/2"}],"replies":[{"embeddable":true,"href":"https:\/\/blog.polityka.pl\/adamczewski\/wp-json\/wp\/v2\/comments?post=8576"}],"version-history":[{"count":0,"href":"https:\/\/blog.polityka.pl\/adamczewski\/wp-json\/wp\/v2\/posts\/8576\/revisions"}],"wp:attachment":[{"href":"https:\/\/blog.polityka.pl\/adamczewski\/wp-json\/wp\/v2\/media?parent=8576"}],"wp:term":[{"taxonomy":"category","embeddable":true,"href":"https:\/\/blog.polityka.pl\/adamczewski\/wp-json\/wp\/v2\/categories?post=8576"},{"taxonomy":"post_tag","embeddable":true,"href":"https:\/\/blog.polityka.pl\/adamczewski\/wp-json\/wp\/v2\/tags?post=8576"}],"curies":[{"name":"wp","href":"https:\/\/api.w.org\/{rel}","templated":true}]}}