
{"id":858,"date":"2009-04-20T06:00:43","date_gmt":"2009-04-20T04:00:43","guid":{"rendered":"http:\/\/adamczewski.blog.polityka.pl\/?p=858"},"modified":"2009-04-15T15:30:20","modified_gmt":"2009-04-15T13:30:20","slug":"niedobrze-panie-bobrze","status":"publish","type":"post","link":"https:\/\/blog.polityka.pl\/adamczewski\/2009\/04\/20\/niedobrze-panie-bobrze\/","title":{"rendered":"Niedobrze, panie bobrze!"},"content":{"rendered":"<p>Pi\u0119kny to by\u0142 dzie\u0144. \u015aniadanie ze \u015bwi\u0105tecznych resztek &#8211; pyszne. Mleko od s\u0105siad\u00f3w &#8211; ch\u0142odne. Lekko postarza\u0142y chleb zamieni\u0142 si\u0119 w chrupkie grzanki. Herbata z wody \u017ar\u00f3dlanej (prawd\u0119 m\u00f3wi\u0105c z naszej studni ale r\u00f3wnie krystalicznej jak woda \u017ar\u00f3dlana) tak pachn\u0105ca i o cudnym z\u0142ocistym kolorze. Chce si\u0119 \u017cy\u0107!<br \/>\nPoszli\u015bmy we troje czyli Basia, Kuba i ja na wielki spacer. Najpierw polnymi drogami w stron\u0119 Kruczego Borku, potem nad rowem melioracyjnym w stron\u0119 nadnarwia\u0144skich \u0142\u0105k. Nad rowem zauwa\u017cyli\u015bmy \u015bwie\u017co \u015bci\u0119te drzewa. Stercz\u0105ce pie\u0144ki mia\u0142y zaostrzone szpice jak pal do nabijania skaza\u0144c\u00f3w, a wok\u00f3\u0142 le\u017ca\u0142o pe\u0142no trocin. To robota bobr\u00f3w. Zeszli\u015bmy wi\u0119c nad brzeg rowu a tam spore rozlewisko. I to g\u0142\u0119bokie. Kilkadziesi\u0105t krok\u00f3w dalej tama. Rozgl\u0105dali\u015bmy si\u0119 za charakterystycznym kopczykiem \u017ceremi ale nie by\u0142o. Tylko kilka dziur w brzegu i jeden wylot na g\u00f3rze skarpy. Lokatorzy jednak nie chcieli wyj\u015b\u0107 na wierzch, by przywita\u0107 si\u0119 z go\u015b\u0107mi. Zrobi\u0142em par\u0119 zdj\u0119\u0107 i poszli\u015bmy dalej.<\/p>\n<p>\u00a0<img loading=\"lazy\" decoding=\"async\" class=\"aligncenter size-full wp-image-859\" title=\"blog-lecino-bobryp4120042\" src=\"\/wp-content\/uploads\/2009\/04\/blog-lecino-bobryp4120042.jpg\" alt=\"\" width=\"450\" height=\"338\" srcset=\"\/adamczewski\/wp-content\/uploads\/2009\/04\/blog-lecino-bobryp4120042.jpg 450w, \/adamczewski\/wp-content\/uploads\/2009\/04\/blog-lecino-bobryp4120042-300x225.jpg 300w\" sizes=\"(max-width: 450px) 100vw, 450px\" \/><\/p>\n<p>\u00a0<em>To jest robota bobr\u00f3w&#8230;<\/em><\/p>\n<p>\u00a0<\/p>\n<p>\u00a0<\/p>\n<p><em>&#8230; i to tak\u017ce \u015blady ich z\u0119b\u00f3w<\/em><\/p>\n<p><img loading=\"lazy\" decoding=\"async\" class=\"aligncenter size-full wp-image-860\" title=\"blog-lecino-bobr-p4120041\" src=\"\/wp-content\/uploads\/2009\/04\/blog-lecino-bobr-p4120041.jpg\" alt=\"\" width=\"450\" height=\"600\" srcset=\"\/adamczewski\/wp-content\/uploads\/2009\/04\/blog-lecino-bobr-p4120041.jpg 450w, \/adamczewski\/wp-content\/uploads\/2009\/04\/blog-lecino-bobr-p4120041-225x300.jpg 225w\" sizes=\"(max-width: 450px) 100vw, 450px\" \/><\/p>\n<p>Na \u0142\u0105kach pe\u0142no ptactwa, kwitn\u0105 kacze\u0144ce, a na skraju lasu zawilce. Na rozlewiskach Narwi gniazduj\u0105ce \u0142ab\u0119dzie s\u0105 ca\u0142kowicie widoczne, bo trzciny jeszcze nie zazieleni\u0142y si\u0119, a na krzakach dopiero p\u0105czki listk\u00f3w wi\u0119c nic gniazd nie os\u0142ania.<\/p>\n<p>W powietrzu \u015bwiergocz\u0105ce skowronki dzwoni\u0105 przepi\u0119knie. Kr\u0105\u017cy jaki\u015b du\u017cy ptak drapie\u017cny ale nie wiemy czy to jastrz\u0105b czy raczej rybo\u0142\u00f3w. Kaczki go si\u0119 nie boj\u0105, bo s\u0105 chyba zbyt du\u017ce i ci\u0119\u017ckie, by na nie zapolowa\u0142. \u017bycie wre!<\/p>\n<p>Po zej\u015bciu z wa\u0142u rzecznego zacz\u0119li\u015bmy powr\u00f3t. Na polach zieleni\u0105cych si\u0119 \u017cytem spotkali\u015bmy kozio\u0142ka, kt\u00f3ry przygl\u0105da\u0142 nam si\u0119 bacznie, by potem spokojnie odbiec\u00a0 w kierunku lasu. Zachwyci\u0142 nas jego wdzi\u0119k i lekko\u015b\u0107 biegu.<\/p>\n<p>\u00a0<\/p>\n<p><img loading=\"lazy\" decoding=\"async\" class=\"aligncenter size-full wp-image-861\" title=\"blog-lecino-koziolek-p4120053\" src=\"\/wp-content\/uploads\/2009\/04\/blog-lecino-koziolek-p4120053.jpg\" alt=\"\" width=\"450\" height=\"351\" srcset=\"\/adamczewski\/wp-content\/uploads\/2009\/04\/blog-lecino-koziolek-p4120053.jpg 450w, \/adamczewski\/wp-content\/uploads\/2009\/04\/blog-lecino-koziolek-p4120053-300x234.jpg 300w\" sizes=\"(max-width: 450px) 100vw, 450px\" \/><\/p>\n<p>\u00a0<em>Kozio\u0142ek wdzi\u0119cznie galopowa\u0142<\/em><\/p>\n<p>Spotkali\u015bmy te\u017c bociana stoj\u0105cego na gnie\u017adzie, co podobno przynosi szcz\u0119\u015bcie. Ale przecie\u017c chwil\u0105 szcz\u0119\u015bcia jest w\u0142a\u015bnie taka w\u0119dr\u00f3wka w takim towarzystwie. I rozmowa z wnukiem, kt\u00f3ry referuje nam swoje letnie plany. Chce tym razem wakacje sp\u0119dzi\u0107 w Hiszpanii. Najpierw miesi\u0105c pracowa\u0107 w hotelu, kt\u00f3ry jest w\u0142asno\u015bci\u0105 naszej kuzynki, a potem pojecha\u0107 do dziewczyny, kt\u00f3r\u0105 pozna\u0142 na kursie j\u0119zyka angielskiego w ub. roku w Anglii. Od tamtej pory zd\u0105\u017cy\u0142 si\u0119 nauczy\u0107 j\u0119zyka Cervantesa na tyle, by da\u0107 sobie dobrze rad\u0119. Uczucia to silna motywacja do pracy.<\/p>\n<p>Szli\u015bmy niemal dwie godziny. Przeszli\u015bmy 6 ? 7 km. Zas\u0142u\u017cyli\u015bmy wi\u0119c na obiad. By\u0142y resztki pieczonego indyka, pasztet z r\u00f3\u017cnych w\u0105tr\u00f3bek z dodatkiem koniaku, sernik lekki jak puch i okruszki mazurk\u00f3w. Do tego gewurztraminer z Trentino. Pi\u0119kny dzie\u0144!<\/p>\n<p>\u00a0<img loading=\"lazy\" decoding=\"async\" class=\"aligncenter size-full wp-image-862\" title=\"blog-lecino-modrzewp4110027\" src=\"\/wp-content\/uploads\/2009\/04\/blog-lecino-modrzewp4110027.jpg\" alt=\"\" width=\"450\" height=\"305\" srcset=\"\/adamczewski\/wp-content\/uploads\/2009\/04\/blog-lecino-modrzewp4110027.jpg 450w, \/adamczewski\/wp-content\/uploads\/2009\/04\/blog-lecino-modrzewp4110027-300x203.jpg 300w\" sizes=\"(max-width: 450px) 100vw, 450px\" \/><\/p>\n<p>\u00a0<\/p>\n<p><em>A to jest kwiat modrzewia z naszego ogrodu<\/em><\/p>\n","protected":false},"excerpt":{"rendered":"<p>Pi\u0119kny to by\u0142 dzie\u0144. \u015aniadanie ze \u015bwi\u0105tecznych resztek &#8211; pyszne. Mleko od s\u0105siad\u00f3w &#8211; ch\u0142odne. Lekko postarza\u0142y chleb zamieni\u0142 si\u0119 w chrupkie grzanki. Herbata z wody \u017ar\u00f3dlanej (prawd\u0119 m\u00f3wi\u0105c z naszej studni ale r\u00f3wnie krystalicznej jak woda \u017ar\u00f3dlana) tak pachn\u0105ca i o cudnym z\u0142ocistym kolorze. Chce si\u0119 \u017cy\u0107! Poszli\u015bmy we troje czyli Basia, Kuba i [&hellip;]<\/p>\n","protected":false},"author":2,"featured_media":0,"comment_status":"open","ping_status":"open","sticky":false,"template":"","format":"standard","meta":{"footnotes":""},"categories":[1],"tags":[],"_links":{"self":[{"href":"https:\/\/blog.polityka.pl\/adamczewski\/wp-json\/wp\/v2\/posts\/858"}],"collection":[{"href":"https:\/\/blog.polityka.pl\/adamczewski\/wp-json\/wp\/v2\/posts"}],"about":[{"href":"https:\/\/blog.polityka.pl\/adamczewski\/wp-json\/wp\/v2\/types\/post"}],"author":[{"embeddable":true,"href":"https:\/\/blog.polityka.pl\/adamczewski\/wp-json\/wp\/v2\/users\/2"}],"replies":[{"embeddable":true,"href":"https:\/\/blog.polityka.pl\/adamczewski\/wp-json\/wp\/v2\/comments?post=858"}],"version-history":[{"count":0,"href":"https:\/\/blog.polityka.pl\/adamczewski\/wp-json\/wp\/v2\/posts\/858\/revisions"}],"wp:attachment":[{"href":"https:\/\/blog.polityka.pl\/adamczewski\/wp-json\/wp\/v2\/media?parent=858"}],"wp:term":[{"taxonomy":"category","embeddable":true,"href":"https:\/\/blog.polityka.pl\/adamczewski\/wp-json\/wp\/v2\/categories?post=858"},{"taxonomy":"post_tag","embeddable":true,"href":"https:\/\/blog.polityka.pl\/adamczewski\/wp-json\/wp\/v2\/tags?post=858"}],"curies":[{"name":"wp","href":"https:\/\/api.w.org\/{rel}","templated":true}]}}