
{"id":8587,"date":"2008-01-01T15:58:00","date_gmt":"2008-01-01T15:58:00","guid":{"rendered":"http:\/\/adamczewscy.nowy-swiat.pl\/?p=532"},"modified":"2008-01-01T15:58:00","modified_gmt":"2008-01-01T15:58:00","slug":"swieze-sledzie-w-czerwonym-winie","status":"publish","type":"post","link":"https:\/\/blog.polityka.pl\/adamczewski\/2008\/01\/01\/swieze-sledzie-w-czerwonym-winie\/","title":{"rendered":"\u015awie\u017ce \u015bledzie w czerwonym winie"},"content":{"rendered":"<p><em>(4 porcje)<\/em><\/p>\n<p><em>4-6 filet\u00f3w \u015bwie\u017cych \u015bledzi bez kr\u0119gos\u0142upa (s\u0105 w sprzeda\u017cy podw\u00f3jne filety), z\u0105bek czosnku, 2 \u0142y\u017cki siekanej zielonej pietruszki, 2 \u0142y\u017cki mas\u0142a, \u0142y\u017cka musztardy, 1\/2 szklanki czerwonego wina, 2 kopiaste \u0142y\u017cki tartej bu\u0142ki, pieprz, s\u00f3l<\/em><\/p>\n<p>1. \u015aledzie pokroi\u0107 na mniejsze cz\u0105stki.<br \/>\n2. Wymiesza\u0107 musztard\u0119 z przeci\u015bni\u0119tym przez prask\u0119 czosnkiem<br \/>\ni zielon\u0105 pietruszk\u0105. Natrze\u0107 t\u0105 mieszank\u0105 kawa\u0142ki \u015bledzia. Posypa\u0107 sol\u0105<br \/>\ni pieprzem.<br \/>\n3. Zala\u0107 \u015bledzie czerwonym winem, pouk\u0142ada\u0107 male\u0144kie kawa\u0142eczki mas\u0142a.<br \/>\n4. Tart\u0105 bu\u0142k\u0119 zrumieni\u0107 na suchej patelni i posypa\u0107 wierzch potrawy.<br \/>\n5. Zapieka\u0107 w piekarniku w temperaturze 180\u00b0C. do momentu, kiedy wierzch wyra\u009fnie zaczyna si\u0119 rumieni\u0107.<\/p>\n","protected":false},"excerpt":{"rendered":"<p>(4 porcje) 4-6 filet\u00f3w \u015bwie\u017cych \u015bledzi bez kr\u0119gos\u0142upa (s\u0105 w sprzeda\u017cy podw\u00f3jne filety), z\u0105bek czosnku, 2 \u0142y\u017cki siekanej zielonej pietruszki, 2 \u0142y\u017cki mas\u0142a, \u0142y\u017cka musztardy, 1\/2 szklanki czerwonego wina, 2 kopiaste \u0142y\u017cki tartej bu\u0142ki, pieprz, s\u00f3l 1. \u015aledzie pokroi\u0107 na mniejsze cz\u0105stki. 2. Wymiesza\u0107 musztard\u0119 z przeci\u015bni\u0119tym przez prask\u0119 czosnkiem i zielon\u0105 pietruszk\u0105. Natrze\u0107 t\u0105 [&hellip;]<\/p>\n","protected":false},"author":2,"featured_media":0,"comment_status":"open","ping_status":"open","sticky":false,"template":"","format":"standard","meta":{"footnotes":""},"categories":[1],"tags":[],"_links":{"self":[{"href":"https:\/\/blog.polityka.pl\/adamczewski\/wp-json\/wp\/v2\/posts\/8587"}],"collection":[{"href":"https:\/\/blog.polityka.pl\/adamczewski\/wp-json\/wp\/v2\/posts"}],"about":[{"href":"https:\/\/blog.polityka.pl\/adamczewski\/wp-json\/wp\/v2\/types\/post"}],"author":[{"embeddable":true,"href":"https:\/\/blog.polityka.pl\/adamczewski\/wp-json\/wp\/v2\/users\/2"}],"replies":[{"embeddable":true,"href":"https:\/\/blog.polityka.pl\/adamczewski\/wp-json\/wp\/v2\/comments?post=8587"}],"version-history":[{"count":0,"href":"https:\/\/blog.polityka.pl\/adamczewski\/wp-json\/wp\/v2\/posts\/8587\/revisions"}],"wp:attachment":[{"href":"https:\/\/blog.polityka.pl\/adamczewski\/wp-json\/wp\/v2\/media?parent=8587"}],"wp:term":[{"taxonomy":"category","embeddable":true,"href":"https:\/\/blog.polityka.pl\/adamczewski\/wp-json\/wp\/v2\/categories?post=8587"},{"taxonomy":"post_tag","embeddable":true,"href":"https:\/\/blog.polityka.pl\/adamczewski\/wp-json\/wp\/v2\/tags?post=8587"}],"curies":[{"name":"wp","href":"https:\/\/api.w.org\/{rel}","templated":true}]}}