
{"id":8593,"date":"2008-01-01T23:22:38","date_gmt":"2008-01-01T22:22:38","guid":{"rendered":"http:\/\/adamczewscy.pl\/?p=575"},"modified":"2008-01-01T23:22:38","modified_gmt":"2008-01-01T22:22:38","slug":"babka-bez-roboty","status":"publish","type":"post","link":"https:\/\/blog.polityka.pl\/adamczewski\/2008\/01\/01\/babka-bez-roboty\/","title":{"rendered":"Babka bez roboty"},"content":{"rendered":"<p><em>1\/2 kg krupczatki, kostka mas\u0142a lub margaryny (w\u00f3wczas konieczny jest dodatek  \u0142y\u017cki oleju),  szklanka mleka, 5 dag dro\u017cd\u017cy, 3 ca\u0142e jajka i  \u017c\u00f3\u0142tko,  szklanka cukru, olejki zapachowe, szczypta soli , bakalie, jakie  s\u0105 pod r\u0119k\u0105, \u0142y\u017cka t\u0142uszczu do wysmarowania formy i  \u0142y\u017cka tartej bu\u0142ki.<\/em><\/p>\n<p>1. W sporym naczyniu rozetrze\u0107 dro\u017cd\u017ce z cukrem.<br \/>\n2. Doda\u0107 do nich od razu przesian\u0105 m\u0105k\u0119, jajka i \u017c\u00f3\u0142tko, roztopiony t\u0142uszcz i ciep\u0142e mleko, szczypt\u0119 soli, ewentualnie \u0142y\u017ck\u0119 oleju, bakalie, zapachy. Starannie wymiesza\u0107 \u0142y\u017ck\u0105.<br \/>\n3. Foremk\u0119 dok\u0142adnie nat\u0142u\u015bci\u0107 i wysypa\u0107 tart\u0105 bu\u0142k\u0105, wla\u0107 do niej ciasto i przykryt\u0105  czyst\u0105 \u015bciereczk\u0105 odstawi\u0107 na co najmniej 10 godzin.<br \/>\n4. Po up\u0142ywie tego czasu wstawi\u0107 do nagrzanego piekarnika i upiec, pr\u00f3buj\u0105c po ok. 30 min. patyczkiem, czy gotowe. T\u0119 babk\u0119 mo\u017cna pola\u0107 lukrem wed\u0142ug przepisu ?\u0141atwy lukier? .<br \/>\nPami\u0119ta\u0107 nale\u017cy, \u017ce foremka powinna by\u0107 du\u017co wi\u0119ksza, aby ciasto z niej nie wyp\u0142yn\u0119\u0142o, bo w niej odb\u0119dzie si\u0119 ca\u0142y proces gwa\u0142townego wyrastania.<\/p>\n","protected":false},"excerpt":{"rendered":"<p>1\/2 kg krupczatki, kostka mas\u0142a lub margaryny (w\u00f3wczas konieczny jest dodatek \u0142y\u017cki oleju), szklanka mleka, 5 dag dro\u017cd\u017cy, 3 ca\u0142e jajka i \u017c\u00f3\u0142tko, szklanka cukru, olejki zapachowe, szczypta soli , bakalie, jakie s\u0105 pod r\u0119k\u0105, \u0142y\u017cka t\u0142uszczu do wysmarowania formy i \u0142y\u017cka tartej bu\u0142ki. 1. W sporym naczyniu rozetrze\u0107 dro\u017cd\u017ce z cukrem. 2. Doda\u0107 do [&hellip;]<\/p>\n","protected":false},"author":2,"featured_media":0,"comment_status":"open","ping_status":"open","sticky":false,"template":"","format":"standard","meta":{"footnotes":""},"categories":[1],"tags":[],"_links":{"self":[{"href":"https:\/\/blog.polityka.pl\/adamczewski\/wp-json\/wp\/v2\/posts\/8593"}],"collection":[{"href":"https:\/\/blog.polityka.pl\/adamczewski\/wp-json\/wp\/v2\/posts"}],"about":[{"href":"https:\/\/blog.polityka.pl\/adamczewski\/wp-json\/wp\/v2\/types\/post"}],"author":[{"embeddable":true,"href":"https:\/\/blog.polityka.pl\/adamczewski\/wp-json\/wp\/v2\/users\/2"}],"replies":[{"embeddable":true,"href":"https:\/\/blog.polityka.pl\/adamczewski\/wp-json\/wp\/v2\/comments?post=8593"}],"version-history":[{"count":0,"href":"https:\/\/blog.polityka.pl\/adamczewski\/wp-json\/wp\/v2\/posts\/8593\/revisions"}],"wp:attachment":[{"href":"https:\/\/blog.polityka.pl\/adamczewski\/wp-json\/wp\/v2\/media?parent=8593"}],"wp:term":[{"taxonomy":"category","embeddable":true,"href":"https:\/\/blog.polityka.pl\/adamczewski\/wp-json\/wp\/v2\/categories?post=8593"},{"taxonomy":"post_tag","embeddable":true,"href":"https:\/\/blog.polityka.pl\/adamczewski\/wp-json\/wp\/v2\/tags?post=8593"}],"curies":[{"name":"wp","href":"https:\/\/api.w.org\/{rel}","templated":true}]}}