
{"id":8594,"date":"2008-01-01T23:23:09","date_gmt":"2008-01-01T22:23:09","guid":{"rendered":"http:\/\/adamczewscy.pl\/?p=576"},"modified":"2008-01-01T23:23:09","modified_gmt":"2008-01-01T22:23:09","slug":"latwy-lukier","status":"publish","type":"post","link":"https:\/\/blog.polityka.pl\/adamczewski\/2008\/01\/01\/latwy-lukier\/","title":{"rendered":"\u0141atwy lukier"},"content":{"rendered":"<p><em>Kilka \u0142y\u017cek cukru pudru bez grudek, sok cytrynowy.<\/em><\/p>\n<p>Do niedu\u017cej miseczki wsypa\u0107 cukier puder, wciska\u0107 do niego po kilka kropelek  sok cytrynowy i uciera\u0107 \u0142y\u017ceczk\u0105, a\u017c do uzyskania konsystencji g\u0119stej \u015bmietany. Od razu wylewa\u0107 na ciasto.<br \/>\nLukier ten stosowa\u0107 mo\u017cna do ciastek, ciast, rogalik\u00f3w, p\u0105czk\u00f3w. Doskonale zastyga i jest \u0142adnie bia\u0142y.<\/p>\n","protected":false},"excerpt":{"rendered":"<p>Kilka \u0142y\u017cek cukru pudru bez grudek, sok cytrynowy. Do niedu\u017cej miseczki wsypa\u0107 cukier puder, wciska\u0107 do niego po kilka kropelek sok cytrynowy i uciera\u0107 \u0142y\u017ceczk\u0105, a\u017c do uzyskania konsystencji g\u0119stej \u015bmietany. Od razu wylewa\u0107 na ciasto. Lukier ten stosowa\u0107 mo\u017cna do ciastek, ciast, rogalik\u00f3w, p\u0105czk\u00f3w. Doskonale zastyga i jest \u0142adnie bia\u0142y.<\/p>\n","protected":false},"author":2,"featured_media":0,"comment_status":"open","ping_status":"open","sticky":false,"template":"","format":"standard","meta":{"footnotes":""},"categories":[1],"tags":[],"_links":{"self":[{"href":"https:\/\/blog.polityka.pl\/adamczewski\/wp-json\/wp\/v2\/posts\/8594"}],"collection":[{"href":"https:\/\/blog.polityka.pl\/adamczewski\/wp-json\/wp\/v2\/posts"}],"about":[{"href":"https:\/\/blog.polityka.pl\/adamczewski\/wp-json\/wp\/v2\/types\/post"}],"author":[{"embeddable":true,"href":"https:\/\/blog.polityka.pl\/adamczewski\/wp-json\/wp\/v2\/users\/2"}],"replies":[{"embeddable":true,"href":"https:\/\/blog.polityka.pl\/adamczewski\/wp-json\/wp\/v2\/comments?post=8594"}],"version-history":[{"count":0,"href":"https:\/\/blog.polityka.pl\/adamczewski\/wp-json\/wp\/v2\/posts\/8594\/revisions"}],"wp:attachment":[{"href":"https:\/\/blog.polityka.pl\/adamczewski\/wp-json\/wp\/v2\/media?parent=8594"}],"wp:term":[{"taxonomy":"category","embeddable":true,"href":"https:\/\/blog.polityka.pl\/adamczewski\/wp-json\/wp\/v2\/categories?post=8594"},{"taxonomy":"post_tag","embeddable":true,"href":"https:\/\/blog.polityka.pl\/adamczewski\/wp-json\/wp\/v2\/tags?post=8594"}],"curies":[{"name":"wp","href":"https:\/\/api.w.org\/{rel}","templated":true}]}}