
{"id":8605,"date":"2008-01-11T15:58:00","date_gmt":"2008-01-11T15:58:00","guid":{"rendered":"http:\/\/adamczewscy.pl\/?p=603"},"modified":"2008-01-11T15:58:00","modified_gmt":"2008-01-11T15:58:00","slug":"fladra-w-sosie-z-oliwkami","status":"publish","type":"post","link":"https:\/\/blog.polityka.pl\/adamczewski\/2008\/01\/11\/fladra-w-sosie-z-oliwkami\/","title":{"rendered":"Fl\u0105dra w sosie z oliwkami"},"content":{"rendered":"<p>(6 porcji)<\/p>\n<p>6 lub 12 filet\u00f3w z fl\u0105dry (zale\u017cnie od wielko\u015bci), 1 puszka krojonych pomidor\u00f3w bez sk\u00f3rki (45 dag), 1 niedu\u017ca cebula, 1 z\u0105bek czosnku, 10\u009615 posiekanych czarnych oliwek, 6 \u0142y\u017cek oliwy, s\u00f3l, pieprz, 1 \u0142y\u017cka posiekanego \u015bwie\u017cego oregano lub 1 \u0142y\u017ceczka suszonego <\/p>\n<p>Filety u\u0142o\u017cy\u0107 na lekko posmarowanej oliw\u0105 blaszce, posmarowa\u0107 tak\u017ce oliw\u0105 wierzch filet\u00f3w, posypa\u0107 je sol\u0105 i pieprzem oraz oregano. Wstawi\u0107 do nagrzanego do 200? C piekarnika i piec 20 minut. Na pozosta\u0142ej oliwie podsma\u017cy\u0107 posiekan\u0105 drobno cebul\u0119, doda\u0107 przeci\u015bni\u0119ty przez prask\u0119 czosnek i pomidory z puszki. Gotowa\u0107 sos, od czasu do czasu mieszaj\u0105c, a\u017c zg\u0119stnieje. Na 5 minut przed zako\u0144czeniem gotowania doda\u0107 posiekane oliwki. Gotowym sosem pola\u0107 upieczone fl\u0105dry. <\/p>\n","protected":false},"excerpt":{"rendered":"<p>(6 porcji) 6 lub 12 filet\u00f3w z fl\u0105dry (zale\u017cnie od wielko\u015bci), 1 puszka krojonych pomidor\u00f3w bez sk\u00f3rki (45 dag), 1 niedu\u017ca cebula, 1 z\u0105bek czosnku, 10\u009615 posiekanych czarnych oliwek, 6 \u0142y\u017cek oliwy, s\u00f3l, pieprz, 1 \u0142y\u017cka posiekanego \u015bwie\u017cego oregano lub 1 \u0142y\u017ceczka suszonego Filety u\u0142o\u017cy\u0107 na lekko posmarowanej oliw\u0105 blaszce, posmarowa\u0107 tak\u017ce oliw\u0105 wierzch filet\u00f3w, [&hellip;]<\/p>\n","protected":false},"author":2,"featured_media":0,"comment_status":"open","ping_status":"open","sticky":false,"template":"","format":"standard","meta":{"footnotes":""},"categories":[1],"tags":[],"_links":{"self":[{"href":"https:\/\/blog.polityka.pl\/adamczewski\/wp-json\/wp\/v2\/posts\/8605"}],"collection":[{"href":"https:\/\/blog.polityka.pl\/adamczewski\/wp-json\/wp\/v2\/posts"}],"about":[{"href":"https:\/\/blog.polityka.pl\/adamczewski\/wp-json\/wp\/v2\/types\/post"}],"author":[{"embeddable":true,"href":"https:\/\/blog.polityka.pl\/adamczewski\/wp-json\/wp\/v2\/users\/2"}],"replies":[{"embeddable":true,"href":"https:\/\/blog.polityka.pl\/adamczewski\/wp-json\/wp\/v2\/comments?post=8605"}],"version-history":[{"count":0,"href":"https:\/\/blog.polityka.pl\/adamczewski\/wp-json\/wp\/v2\/posts\/8605\/revisions"}],"wp:attachment":[{"href":"https:\/\/blog.polityka.pl\/adamczewski\/wp-json\/wp\/v2\/media?parent=8605"}],"wp:term":[{"taxonomy":"category","embeddable":true,"href":"https:\/\/blog.polityka.pl\/adamczewski\/wp-json\/wp\/v2\/categories?post=8605"},{"taxonomy":"post_tag","embeddable":true,"href":"https:\/\/blog.polityka.pl\/adamczewski\/wp-json\/wp\/v2\/tags?post=8605"}],"curies":[{"name":"wp","href":"https:\/\/api.w.org\/{rel}","templated":true}]}}