
{"id":8606,"date":"2008-01-11T15:58:00","date_gmt":"2008-01-11T15:58:00","guid":{"rendered":"http:\/\/adamczewscy.pl\/?p=604"},"modified":"2008-01-11T15:58:00","modified_gmt":"2008-01-11T15:58:00","slug":"oliwkowy-krem","status":"publish","type":"post","link":"https:\/\/blog.polityka.pl\/adamczewski\/2008\/01\/11\/oliwkowy-krem\/","title":{"rendered":"Oliwkowy krem"},"content":{"rendered":"<p>(4\u00966 porcji)<\/p>\n<p>1 szklanka czarnych oliwek bez pestek, 1 z\u0105bek czosnku, spora szczypta suszonego oregano lub 1 \u0142y\u017cka jego \u015bwie\u017cych listk\u00f3w, 4 \u0142y\u017cki oliwy <\/p>\n<p>Oliwki zmiksowa\u0107 na jednolit\u0105 mas\u0119, dodaj\u0105c przeci\u015bni\u0119ty przez prask\u0119 z\u0105bek czosnku oraz posiekane listki oregano i po \u0142y\u017cce, w miar\u0119 potrzeby, oliw\u0119. Podawa\u0107 z grzankami z chleba lub z gotowanymi na parze warzywami lub ziemniakami. <\/p>\n","protected":false},"excerpt":{"rendered":"<p>(4\u00966 porcji) 1 szklanka czarnych oliwek bez pestek, 1 z\u0105bek czosnku, spora szczypta suszonego oregano lub 1 \u0142y\u017cka jego \u015bwie\u017cych listk\u00f3w, 4 \u0142y\u017cki oliwy Oliwki zmiksowa\u0107 na jednolit\u0105 mas\u0119, dodaj\u0105c przeci\u015bni\u0119ty przez prask\u0119 z\u0105bek czosnku oraz posiekane listki oregano i po \u0142y\u017cce, w miar\u0119 potrzeby, oliw\u0119. Podawa\u0107 z grzankami z chleba lub z gotowanymi na [&hellip;]<\/p>\n","protected":false},"author":2,"featured_media":0,"comment_status":"open","ping_status":"open","sticky":false,"template":"","format":"standard","meta":{"footnotes":""},"categories":[1],"tags":[],"_links":{"self":[{"href":"https:\/\/blog.polityka.pl\/adamczewski\/wp-json\/wp\/v2\/posts\/8606"}],"collection":[{"href":"https:\/\/blog.polityka.pl\/adamczewski\/wp-json\/wp\/v2\/posts"}],"about":[{"href":"https:\/\/blog.polityka.pl\/adamczewski\/wp-json\/wp\/v2\/types\/post"}],"author":[{"embeddable":true,"href":"https:\/\/blog.polityka.pl\/adamczewski\/wp-json\/wp\/v2\/users\/2"}],"replies":[{"embeddable":true,"href":"https:\/\/blog.polityka.pl\/adamczewski\/wp-json\/wp\/v2\/comments?post=8606"}],"version-history":[{"count":0,"href":"https:\/\/blog.polityka.pl\/adamczewski\/wp-json\/wp\/v2\/posts\/8606\/revisions"}],"wp:attachment":[{"href":"https:\/\/blog.polityka.pl\/adamczewski\/wp-json\/wp\/v2\/media?parent=8606"}],"wp:term":[{"taxonomy":"category","embeddable":true,"href":"https:\/\/blog.polityka.pl\/adamczewski\/wp-json\/wp\/v2\/categories?post=8606"},{"taxonomy":"post_tag","embeddable":true,"href":"https:\/\/blog.polityka.pl\/adamczewski\/wp-json\/wp\/v2\/tags?post=8606"}],"curies":[{"name":"wp","href":"https:\/\/api.w.org\/{rel}","templated":true}]}}