
{"id":8621,"date":"2008-01-11T15:58:00","date_gmt":"2008-01-11T15:58:00","guid":{"rendered":"http:\/\/adamczewscy.pl\/?p=619"},"modified":"2008-01-11T15:58:00","modified_gmt":"2008-01-11T15:58:00","slug":"minestrone-z-pesto","status":"publish","type":"post","link":"https:\/\/blog.polityka.pl\/adamczewski\/2008\/01\/11\/minestrone-z-pesto\/","title":{"rendered":"Minestrone z pesto"},"content":{"rendered":"<p>(6\u00968 porcji)<\/p>\n<p>1 szklanka poszatkowanej bia\u0142ej kapusty, 1 gar\u015b\u0107 fasoli szparagowej, 2 ziemniaki, 2 marchwie, 2 \u015brednie pory, 2 pomidory, 1 \u0142odyga selera naciowego, 2 cukinie, 1 \u015brednia cebula,<br \/>\n1 z\u0105bek czosnku, 1 p\u0119czek zielonej pietruszki, 1 puszka czerwonej konserwowej fasoli (45 dag), 1\/2 szklanki oliwy z oliwek, 2\u00963 cm sk\u00f3rki sera parmezan, ? paczki kr\u00f3tkiego makaronu, 1 \u0142y\u017cka sosu pesto, 3 \u0142y\u017cki startego parmezanu, s\u00f3l<\/p>\n<p>Pokroi\u0107 kapust\u0119, marchwie, pory, seler naciowy, cebul\u0119 i ziemniaki oraz fasol\u0119 szparagow\u0105. Odcedzi\u0107 z zalewy fasol\u0119 puszki i doda\u0107 do reszty warzyw przeznaczonych na zup\u0119, wraz z posiekan\u0105 pietruszk\u0105, przeci\u015bni\u0119tym przez prask\u0119 czosnkiem, sol\u0105 i sk\u00f3rk\u0105 od parmezanu. Wla\u0107 do warzyw<br \/>\n8 szklanek wody. Gotowa\u0107, a\u017c wszystkie warzywa b\u0119d\u0105 mi\u0119kkie. W\u00f3wczas doda\u0107 makaron i ugotowa\u0107 go w zupie. Do gotowej ju\u017c zupy doda\u0107 pesto<br \/>\ni dok\u0142adnie wymiesza\u0107. Podawa\u0107 na g\u0142\u0119bokich talerzach z odrobin\u0105 oliwy<br \/>\ni startym parmezanem. <\/p>\n","protected":false},"excerpt":{"rendered":"<p>(6\u00968 porcji) 1 szklanka poszatkowanej bia\u0142ej kapusty, 1 gar\u015b\u0107 fasoli szparagowej, 2 ziemniaki, 2 marchwie, 2 \u015brednie pory, 2 pomidory, 1 \u0142odyga selera naciowego, 2 cukinie, 1 \u015brednia cebula, 1 z\u0105bek czosnku, 1 p\u0119czek zielonej pietruszki, 1 puszka czerwonej konserwowej fasoli (45 dag), 1\/2 szklanki oliwy z oliwek, 2\u00963 cm sk\u00f3rki sera parmezan, ? paczki [&hellip;]<\/p>\n","protected":false},"author":2,"featured_media":0,"comment_status":"open","ping_status":"open","sticky":false,"template":"","format":"standard","meta":{"footnotes":""},"categories":[1],"tags":[],"_links":{"self":[{"href":"https:\/\/blog.polityka.pl\/adamczewski\/wp-json\/wp\/v2\/posts\/8621"}],"collection":[{"href":"https:\/\/blog.polityka.pl\/adamczewski\/wp-json\/wp\/v2\/posts"}],"about":[{"href":"https:\/\/blog.polityka.pl\/adamczewski\/wp-json\/wp\/v2\/types\/post"}],"author":[{"embeddable":true,"href":"https:\/\/blog.polityka.pl\/adamczewski\/wp-json\/wp\/v2\/users\/2"}],"replies":[{"embeddable":true,"href":"https:\/\/blog.polityka.pl\/adamczewski\/wp-json\/wp\/v2\/comments?post=8621"}],"version-history":[{"count":0,"href":"https:\/\/blog.polityka.pl\/adamczewski\/wp-json\/wp\/v2\/posts\/8621\/revisions"}],"wp:attachment":[{"href":"https:\/\/blog.polityka.pl\/adamczewski\/wp-json\/wp\/v2\/media?parent=8621"}],"wp:term":[{"taxonomy":"category","embeddable":true,"href":"https:\/\/blog.polityka.pl\/adamczewski\/wp-json\/wp\/v2\/categories?post=8621"},{"taxonomy":"post_tag","embeddable":true,"href":"https:\/\/blog.polityka.pl\/adamczewski\/wp-json\/wp\/v2\/tags?post=8621"}],"curies":[{"name":"wp","href":"https:\/\/api.w.org\/{rel}","templated":true}]}}