
{"id":8622,"date":"2008-01-11T15:58:00","date_gmt":"2008-01-11T15:58:00","guid":{"rendered":"http:\/\/adamczewscy.pl\/?p=620"},"modified":"2008-01-11T15:58:00","modified_gmt":"2008-01-11T15:58:00","slug":"kotleciki-kurczece-z-pesto","status":"publish","type":"post","link":"https:\/\/blog.polityka.pl\/adamczewski\/2008\/01\/11\/kotleciki-kurczece-z-pesto\/","title":{"rendered":"Kotleciki kurcz\u0119ce z pesto"},"content":{"rendered":"<p>(4 porcje)<\/p>\n<p>2 podw\u00f3jne filety z piersi kurcz\u0119cej, 4 \u0142y\u017cki sera ricotta,<br \/>\n1 ma\u0142y s\u0142oiczek gotowego sosu pesto, 1 \u0142y\u017cka mas\u0142a, 1 \u0142y\u017cka oliwy, s\u00f3l, pieprz <\/p>\n<p>Podzieli\u0107 podw\u00f3jne filety z piersi kurcz\u0119cych na po\u0142owy, po czym ka\u017cd\u0105 po\u0142\u00f3wk\u0119 przekroi\u0107 w taki spos\u00f3b, aby powsta\u0142a kieszonka. Wymiesza\u0107 ser ricotta z sosem pesto oraz doprawi\u0107 sol\u0105 i pieprzem. Powk\u0142ada\u0107 tak uzyskany farsz do kieszonki i spi\u0105\u0107 mi\u0119so wyka\u0142aczk\u0105. Na patelni rozgrza\u0107 mas\u0142o z oliw\u0105 i na niezbyt ostrym ogniu sma\u017cy\u0107 kotleciki z obu stron na z\u0142oto. Podawa\u0107 z grzankami z bu\u0142ki. <\/p>\n","protected":false},"excerpt":{"rendered":"<p>(4 porcje) 2 podw\u00f3jne filety z piersi kurcz\u0119cej, 4 \u0142y\u017cki sera ricotta, 1 ma\u0142y s\u0142oiczek gotowego sosu pesto, 1 \u0142y\u017cka mas\u0142a, 1 \u0142y\u017cka oliwy, s\u00f3l, pieprz Podzieli\u0107 podw\u00f3jne filety z piersi kurcz\u0119cych na po\u0142owy, po czym ka\u017cd\u0105 po\u0142\u00f3wk\u0119 przekroi\u0107 w taki spos\u00f3b, aby powsta\u0142a kieszonka. Wymiesza\u0107 ser ricotta z sosem pesto oraz doprawi\u0107 sol\u0105 i [&hellip;]<\/p>\n","protected":false},"author":2,"featured_media":0,"comment_status":"open","ping_status":"open","sticky":false,"template":"","format":"standard","meta":{"footnotes":""},"categories":[1],"tags":[],"_links":{"self":[{"href":"https:\/\/blog.polityka.pl\/adamczewski\/wp-json\/wp\/v2\/posts\/8622"}],"collection":[{"href":"https:\/\/blog.polityka.pl\/adamczewski\/wp-json\/wp\/v2\/posts"}],"about":[{"href":"https:\/\/blog.polityka.pl\/adamczewski\/wp-json\/wp\/v2\/types\/post"}],"author":[{"embeddable":true,"href":"https:\/\/blog.polityka.pl\/adamczewski\/wp-json\/wp\/v2\/users\/2"}],"replies":[{"embeddable":true,"href":"https:\/\/blog.polityka.pl\/adamczewski\/wp-json\/wp\/v2\/comments?post=8622"}],"version-history":[{"count":0,"href":"https:\/\/blog.polityka.pl\/adamczewski\/wp-json\/wp\/v2\/posts\/8622\/revisions"}],"wp:attachment":[{"href":"https:\/\/blog.polityka.pl\/adamczewski\/wp-json\/wp\/v2\/media?parent=8622"}],"wp:term":[{"taxonomy":"category","embeddable":true,"href":"https:\/\/blog.polityka.pl\/adamczewski\/wp-json\/wp\/v2\/categories?post=8622"},{"taxonomy":"post_tag","embeddable":true,"href":"https:\/\/blog.polityka.pl\/adamczewski\/wp-json\/wp\/v2\/tags?post=8622"}],"curies":[{"name":"wp","href":"https:\/\/api.w.org\/{rel}","templated":true}]}}