
{"id":8624,"date":"2008-01-11T15:58:00","date_gmt":"2008-01-11T15:58:00","guid":{"rendered":"http:\/\/adamczewscy.pl\/?p=622"},"modified":"2008-01-11T15:58:00","modified_gmt":"2008-01-11T15:58:00","slug":"przegrzebki-z-trzema-ziolami","status":"publish","type":"post","link":"https:\/\/blog.polityka.pl\/adamczewski\/2008\/01\/11\/przegrzebki-z-trzema-ziolami\/","title":{"rendered":"Przegrzebki z trzema  zio\u0142ami"},"content":{"rendered":"<p>(4 porcje)<\/p>\n<p>ok. 50 dag mi\u0119sa przegrzebk\u00f3w (z ikr\u0105 lub bez), 1 nieca\u0142a p\u00f3\u0142kilowa paczka makaronu w\u0142oskiego wst\u0105\u017cki, 2\u00963 \u0142y\u017cki oliwy<br \/>\nna sos: po 1\/2 szklanki mi\u0119ty i zielonej pietruszki, 2 \u0142y\u017cki wytrawnego bia\u0142ego wina, 4\u00965 \u0142y\u017cek oliwy z oliwek, 1 \u0142y\u017cka ods\u0105czonych z zalewy kapar\u00f3w, 5 czarnych oliwek bez pestek,  cienko skrojona sk\u00f3rka z ca\u0142ej cytryny, s\u00f3l, pieprz <\/p>\n<p>Nastawi\u0107 wod\u0119 na makaron. Wymiesza\u0107 sk\u0142adniki sosu: do zi\u00f3\u0142 doda\u0107 posiekane oliwki i kapary, wino i oliw\u0119, s\u00f3l i pieprz oraz start\u0105 z cytryny sk\u00f3rk\u0119. Ugotowa\u0107 makaron. Rozgrza\u0107 2\u00963 \u0142y\u017cki oliwy i obsma\u017ca\u0107 na niej na rumiano ze wszystkich stron przegrzebki, mniej wi\u0119cej przez 6 minut. Makaron odcedzi\u0107, wy\u0142o\u017cy\u0107 na niego przegrzebki, pola\u0107 sosem i od razu podawa\u0107. <\/p>\n","protected":false},"excerpt":{"rendered":"<p>(4 porcje) ok. 50 dag mi\u0119sa przegrzebk\u00f3w (z ikr\u0105 lub bez), 1 nieca\u0142a p\u00f3\u0142kilowa paczka makaronu w\u0142oskiego wst\u0105\u017cki, 2\u00963 \u0142y\u017cki oliwy na sos: po 1\/2 szklanki mi\u0119ty i zielonej pietruszki, 2 \u0142y\u017cki wytrawnego bia\u0142ego wina, 4\u00965 \u0142y\u017cek oliwy z oliwek, 1 \u0142y\u017cka ods\u0105czonych z zalewy kapar\u00f3w, 5 czarnych oliwek bez pestek, cienko skrojona sk\u00f3rka z [&hellip;]<\/p>\n","protected":false},"author":2,"featured_media":0,"comment_status":"open","ping_status":"open","sticky":false,"template":"","format":"standard","meta":{"footnotes":""},"categories":[1],"tags":[],"_links":{"self":[{"href":"https:\/\/blog.polityka.pl\/adamczewski\/wp-json\/wp\/v2\/posts\/8624"}],"collection":[{"href":"https:\/\/blog.polityka.pl\/adamczewski\/wp-json\/wp\/v2\/posts"}],"about":[{"href":"https:\/\/blog.polityka.pl\/adamczewski\/wp-json\/wp\/v2\/types\/post"}],"author":[{"embeddable":true,"href":"https:\/\/blog.polityka.pl\/adamczewski\/wp-json\/wp\/v2\/users\/2"}],"replies":[{"embeddable":true,"href":"https:\/\/blog.polityka.pl\/adamczewski\/wp-json\/wp\/v2\/comments?post=8624"}],"version-history":[{"count":0,"href":"https:\/\/blog.polityka.pl\/adamczewski\/wp-json\/wp\/v2\/posts\/8624\/revisions"}],"wp:attachment":[{"href":"https:\/\/blog.polityka.pl\/adamczewski\/wp-json\/wp\/v2\/media?parent=8624"}],"wp:term":[{"taxonomy":"category","embeddable":true,"href":"https:\/\/blog.polityka.pl\/adamczewski\/wp-json\/wp\/v2\/categories?post=8624"},{"taxonomy":"post_tag","embeddable":true,"href":"https:\/\/blog.polityka.pl\/adamczewski\/wp-json\/wp\/v2\/tags?post=8624"}],"curies":[{"name":"wp","href":"https:\/\/api.w.org\/{rel}","templated":true}]}}