
{"id":8625,"date":"2008-01-11T15:58:00","date_gmt":"2008-01-11T15:58:00","guid":{"rendered":"http:\/\/adamczewscy.pl\/?p=623"},"modified":"2008-01-11T15:58:00","modified_gmt":"2008-01-11T15:58:00","slug":"przegrzebki-zapiekane-ze-szparagami","status":"publish","type":"post","link":"https:\/\/blog.polityka.pl\/adamczewski\/2008\/01\/11\/przegrzebki-zapiekane-ze-szparagami\/","title":{"rendered":"Przegrzebki zapiekane ze szparagami"},"content":{"rendered":"<p>(4 porcje)<\/p>\n<p>1\/2 kg przegrzebk\u00f3w, 1 p\u0119czek (1\/2 kg) zielonych szparag\u00f3w,<br \/>\n1\/2 \u0142y\u017ceczki startej sk\u00f3rki pomara\u0144czowej, 1 \u0142y\u017cka soku pomara\u0144czowego, 2 \u0142y\u017cki mas\u0142a, s\u00f3l, pieprz <\/p>\n<p>Przygotowa\u0107 4 spore arkusze (30 x 30 cm) pergaminu lub grubszej folii aluminiowej. Obra\u0107 i blanszowa\u0107 przez minut\u0119 w lekko osolonej wodzie szparagi. Mas\u0142o wymiesza\u0107 dok\u0142adnie z sokiem i sk\u00f3rk\u0105 pomara\u0144czow\u0105 oraz sol\u0105 i pieprzem. Na ka\u017cdym arkusiku u\u0142o\u017cy\u0107 r\u00f3wne ilo\u015bci przegrzebk\u00f3w i szparag\u00f3w, doda\u0107 mas\u0142o. Zawin\u0105\u0107 ka\u017cd\u0105 paczuszk\u0119 dok\u0142adnie, aby<br \/>\nw czasie pieczenia nie wyp\u0142ywa\u0142 sos. Zapieka\u0107 w nagrzanym do 180? C piekarniku, a\u017c paczuszki sp\u0119czniej\u0105. Po mniej wi\u0119cej 10 minutach danie jest gotowe. Ostro\u017cnie otworzy\u0107 paczuszki (uwaga: gor\u0105ca para!) i od razu podawa\u0107. <\/p>\n","protected":false},"excerpt":{"rendered":"<p>(4 porcje) 1\/2 kg przegrzebk\u00f3w, 1 p\u0119czek (1\/2 kg) zielonych szparag\u00f3w, 1\/2 \u0142y\u017ceczki startej sk\u00f3rki pomara\u0144czowej, 1 \u0142y\u017cka soku pomara\u0144czowego, 2 \u0142y\u017cki mas\u0142a, s\u00f3l, pieprz Przygotowa\u0107 4 spore arkusze (30 x 30 cm) pergaminu lub grubszej folii aluminiowej. Obra\u0107 i blanszowa\u0107 przez minut\u0119 w lekko osolonej wodzie szparagi. Mas\u0142o wymiesza\u0107 dok\u0142adnie z sokiem i sk\u00f3rk\u0105 [&hellip;]<\/p>\n","protected":false},"author":2,"featured_media":0,"comment_status":"open","ping_status":"open","sticky":false,"template":"","format":"standard","meta":{"footnotes":""},"categories":[1],"tags":[],"_links":{"self":[{"href":"https:\/\/blog.polityka.pl\/adamczewski\/wp-json\/wp\/v2\/posts\/8625"}],"collection":[{"href":"https:\/\/blog.polityka.pl\/adamczewski\/wp-json\/wp\/v2\/posts"}],"about":[{"href":"https:\/\/blog.polityka.pl\/adamczewski\/wp-json\/wp\/v2\/types\/post"}],"author":[{"embeddable":true,"href":"https:\/\/blog.polityka.pl\/adamczewski\/wp-json\/wp\/v2\/users\/2"}],"replies":[{"embeddable":true,"href":"https:\/\/blog.polityka.pl\/adamczewski\/wp-json\/wp\/v2\/comments?post=8625"}],"version-history":[{"count":0,"href":"https:\/\/blog.polityka.pl\/adamczewski\/wp-json\/wp\/v2\/posts\/8625\/revisions"}],"wp:attachment":[{"href":"https:\/\/blog.polityka.pl\/adamczewski\/wp-json\/wp\/v2\/media?parent=8625"}],"wp:term":[{"taxonomy":"category","embeddable":true,"href":"https:\/\/blog.polityka.pl\/adamczewski\/wp-json\/wp\/v2\/categories?post=8625"},{"taxonomy":"post_tag","embeddable":true,"href":"https:\/\/blog.polityka.pl\/adamczewski\/wp-json\/wp\/v2\/tags?post=8625"}],"curies":[{"name":"wp","href":"https:\/\/api.w.org\/{rel}","templated":true}]}}