
{"id":863,"date":"2009-04-22T06:00:20","date_gmt":"2009-04-22T04:00:20","guid":{"rendered":"http:\/\/adamczewski.blog.polityka.pl\/?p=863"},"modified":"2009-04-23T08:42:42","modified_gmt":"2009-04-23T06:42:42","slug":"zgadnij-co-gotujemy130","status":"publish","type":"post","link":"https:\/\/blog.polityka.pl\/adamczewski\/2009\/04\/22\/zgadnij-co-gotujemy130\/","title":{"rendered":"Zgadnij co gotujemy?(130)"},"content":{"rendered":"<p>I znowu \u015broda czyli dzie\u0144 zagadek. Dzi\u015b nast\u0105pi jednak pewna odmiana\u00a0&#8211; zamiast &#8222;Wakacji z duchami&#8221; (czy ju\u017c wszyscy ch\u0119tni maj\u0105 t\u0119 ksi\u0105\u017ck\u0119 i szuka\u0107 innych tytu\u0142\u00f3w) b\u0119dzie nagroda rodem z mojego dzieci\u0144stwa czyli &#8222;Serce&#8221; Amicisa. Jak ja p\u0142aka\u0142em gdy Babcia czyta\u0142a mi t\u0119 ksi\u0105\u017ck\u0119. A teraz\u00a0&#8211; prosz\u0119 w epoce Internetu, spot\u00f3w telewizyjnych i rapu wydali &#8222;Serce&#8221; ponownie. Wygra\u0107 powinien je kto\u015b, kto ma ma\u0142e dzieci lub wnuki. I czyta\u0107 im, by te\u017c si\u0119 wzrusza\u0142y.<\/p>\n<p>A pytania wcale nie b\u0119d\u0105 wzruszaj\u0105ce:<\/p>\n<p>1\u00a0&#8211; Francuski zwrot &#8222;en papillote&#8221; znaczy, \u017ce kucharka przyrz\u0105dzaj\u0105ca ryb\u0119 zrobi\u0142a sobie trwa\u0142\u0105 ondulacj\u0119?<\/p>\n<p>2\u00a0&#8211; Ta sycylijska nazwa tr\u0105ci fa\u0142szem\u00a0&#8211; &#8222;falsomagro&#8221;\u00a0&#8211; o co tu chodzi?<\/p>\n<p>3\u00a0&#8211; Kto napisa\u0142 te pi\u0119kne s\u0142owa o miodzie: &#8222;La miel es como el sol de la manana \/ tiene toda la gracia del estio \/ Y la frescura vieja del otono.&#8221; \u00a0(Mi\u00f3d jest jak s\u0142o\u0144ce o poranku \/ Ma pe\u0142ni\u0119 wdzi\u0119ku lata \/ I stary ch\u0142\u00f3d jesieni.)?<\/p>\n<p>No i teraz p\u0119d\u017acie do komputer\u00f3w by wys\u0142a\u0107 odpowiedzi na adres <a href=\"mailto:internet@polityka.com.pl\">internet@polityka.com.pl<\/a>\u00a0\u00a0\u00a0 &#8222;Serce&#8221; Amicisa czeka na dzieci\u0119cego czytelnika!<\/p>\n<p>\u00a0<\/p>\n<p>\u00a0<\/p>\n","protected":false},"excerpt":{"rendered":"<p>I znowu \u015broda czyli dzie\u0144 zagadek. Dzi\u015b nast\u0105pi jednak pewna odmiana\u00a0&#8211; zamiast &#8222;Wakacji z duchami&#8221; (czy ju\u017c wszyscy ch\u0119tni maj\u0105 t\u0119 ksi\u0105\u017ck\u0119 i szuka\u0107 innych tytu\u0142\u00f3w) b\u0119dzie nagroda rodem z mojego dzieci\u0144stwa czyli &#8222;Serce&#8221; Amicisa. Jak ja p\u0142aka\u0142em gdy Babcia czyta\u0142a mi t\u0119 ksi\u0105\u017ck\u0119. A teraz\u00a0&#8211; prosz\u0119 w epoce Internetu, spot\u00f3w telewizyjnych i rapu wydali [&hellip;]<\/p>\n","protected":false},"author":2,"featured_media":0,"comment_status":"open","ping_status":"open","sticky":false,"template":"","format":"standard","meta":{"footnotes":""},"categories":[1],"tags":[],"_links":{"self":[{"href":"https:\/\/blog.polityka.pl\/adamczewski\/wp-json\/wp\/v2\/posts\/863"}],"collection":[{"href":"https:\/\/blog.polityka.pl\/adamczewski\/wp-json\/wp\/v2\/posts"}],"about":[{"href":"https:\/\/blog.polityka.pl\/adamczewski\/wp-json\/wp\/v2\/types\/post"}],"author":[{"embeddable":true,"href":"https:\/\/blog.polityka.pl\/adamczewski\/wp-json\/wp\/v2\/users\/2"}],"replies":[{"embeddable":true,"href":"https:\/\/blog.polityka.pl\/adamczewski\/wp-json\/wp\/v2\/comments?post=863"}],"version-history":[{"count":0,"href":"https:\/\/blog.polityka.pl\/adamczewski\/wp-json\/wp\/v2\/posts\/863\/revisions"}],"wp:attachment":[{"href":"https:\/\/blog.polityka.pl\/adamczewski\/wp-json\/wp\/v2\/media?parent=863"}],"wp:term":[{"taxonomy":"category","embeddable":true,"href":"https:\/\/blog.polityka.pl\/adamczewski\/wp-json\/wp\/v2\/categories?post=863"},{"taxonomy":"post_tag","embeddable":true,"href":"https:\/\/blog.polityka.pl\/adamczewski\/wp-json\/wp\/v2\/tags?post=863"}],"curies":[{"name":"wp","href":"https:\/\/api.w.org\/{rel}","templated":true}]}}