
{"id":8631,"date":"2008-01-11T15:58:00","date_gmt":"2008-01-11T15:58:00","guid":{"rendered":"http:\/\/adamczewscy.pl\/?p=629"},"modified":"2008-01-11T15:58:00","modified_gmt":"2008-01-11T15:58:00","slug":"kapusta-pak-choy-z-miesem","status":"publish","type":"post","link":"https:\/\/blog.polityka.pl\/adamczewski\/2008\/01\/11\/kapusta-pak-choy-z-miesem\/","title":{"rendered":"Kapusta pak-choy z mi\u0119sem"},"content":{"rendered":"<p>(4 porcje)<\/p>\n<p>2 kapusty pak-choy, 3 \u0142y\u017cki sherry lub wytrawnego bia\u0142ego wina, 3 \u0142y\u017cki sosu sojowego, 1 \u0142y\u017ceczka mielonego pieprzu, 1 \u0142y\u017ceczka oleju sezamowego (o ile jest), 2 pol\u0119dwiczki wieprzowe (razem ok. 40 dag), 2 \u0142y\u017cki oleju lub oliwy z oliwek, 2 z\u0105bki czosnku<\/p>\n<p>Wymiesza\u0107 sherry lub wino z sosem sojowym, m\u0105k\u0105 kukurydzian\u0105, olejem sezamowym, cukrem i pieprzem oraz, je\u017celi jest, olejem sezamowym. Mi\u0119so pokroi\u0107 w cienkie plasterki lub paski, doda\u0107 do marynaty i odstawi\u0107 na co najmniej kwadrans. Pokroi\u0107 li\u015bcie kapusty w centymetrowej szeroko\u015bci paski. w du\u017cej patelni rozgrza\u0107 2 \u0142y\u017cki oleju lub oliwy, doda\u0107 pokrojon\u0105 kapust\u0119 i mieszaj\u0105c sma\u017cy\u0107 2 minuty. Prze\u0142o\u017cy\u0107 j\u0105 do salaterki i trzyma\u0107<br \/>\nw ciep\u0142ym miejscu. Odla\u0107 tak\u017ce wytworzony w czasie sma\u017cenia sok. Na patelni\u0119 wla\u0107 pozosta\u0142y olej i chwil\u0119 sma\u017cy\u0107 na nim przeci\u015bni\u0119ty przez prask\u0119 czosnek, po czym doda\u0107 mi\u0119so wraz z marynat\u0105 i sma\u017cy\u0107 oko\u0142o 4 minut, r\u00f3wnie\u017c mieszaj\u0105c. Doda\u0107 kapust\u0119 i jeszcze chwil\u0119 sma\u017cy\u0107, dodaj\u0105c w miar\u0119 potrzeby s\u00f3l. Podawa\u0107, kiedy potrawa b\u0119dzie gor\u0105ca. <\/p>\n","protected":false},"excerpt":{"rendered":"<p>(4 porcje) 2 kapusty pak-choy, 3 \u0142y\u017cki sherry lub wytrawnego bia\u0142ego wina, 3 \u0142y\u017cki sosu sojowego, 1 \u0142y\u017ceczka mielonego pieprzu, 1 \u0142y\u017ceczka oleju sezamowego (o ile jest), 2 pol\u0119dwiczki wieprzowe (razem ok. 40 dag), 2 \u0142y\u017cki oleju lub oliwy z oliwek, 2 z\u0105bki czosnku Wymiesza\u0107 sherry lub wino z sosem sojowym, m\u0105k\u0105 kukurydzian\u0105, olejem sezamowym, [&hellip;]<\/p>\n","protected":false},"author":2,"featured_media":0,"comment_status":"open","ping_status":"open","sticky":false,"template":"","format":"standard","meta":{"footnotes":""},"categories":[1],"tags":[],"_links":{"self":[{"href":"https:\/\/blog.polityka.pl\/adamczewski\/wp-json\/wp\/v2\/posts\/8631"}],"collection":[{"href":"https:\/\/blog.polityka.pl\/adamczewski\/wp-json\/wp\/v2\/posts"}],"about":[{"href":"https:\/\/blog.polityka.pl\/adamczewski\/wp-json\/wp\/v2\/types\/post"}],"author":[{"embeddable":true,"href":"https:\/\/blog.polityka.pl\/adamczewski\/wp-json\/wp\/v2\/users\/2"}],"replies":[{"embeddable":true,"href":"https:\/\/blog.polityka.pl\/adamczewski\/wp-json\/wp\/v2\/comments?post=8631"}],"version-history":[{"count":0,"href":"https:\/\/blog.polityka.pl\/adamczewski\/wp-json\/wp\/v2\/posts\/8631\/revisions"}],"wp:attachment":[{"href":"https:\/\/blog.polityka.pl\/adamczewski\/wp-json\/wp\/v2\/media?parent=8631"}],"wp:term":[{"taxonomy":"category","embeddable":true,"href":"https:\/\/blog.polityka.pl\/adamczewski\/wp-json\/wp\/v2\/categories?post=8631"},{"taxonomy":"post_tag","embeddable":true,"href":"https:\/\/blog.polityka.pl\/adamczewski\/wp-json\/wp\/v2\/tags?post=8631"}],"curies":[{"name":"wp","href":"https:\/\/api.w.org\/{rel}","templated":true}]}}