
{"id":8633,"date":"2008-01-11T15:58:00","date_gmt":"2008-01-11T15:58:00","guid":{"rendered":"http:\/\/adamczewscy.pl\/?p=631"},"modified":"2008-01-11T15:58:00","modified_gmt":"2008-01-11T15:58:00","slug":"losos-z-salatka-z-mango-i-papai","status":"publish","type":"post","link":"https:\/\/blog.polityka.pl\/adamczewski\/2008\/01\/11\/losos-z-salatka-z-mango-i-papai\/","title":{"rendered":"\u0141oso\u015b z sa\u0142atk\u0105 z mango i papai"},"content":{"rendered":"<p>(4 porcje)<\/p>\n<p>4 kawa\u0142ki surowego \u0142ososia ze sk\u00f3r\u0105, 2 \u0142y\u017cki oliwy z oliwek, s\u00f3l, pieprz<br \/>\nna sa\u0142atk\u0119: 1 ma\u0142y owoc mango, 1 ma\u0142y owoc papai, 2 \u0142y\u017ceczki startego \u015bwie\u017cego imbiru, 1 niedu\u017ca cytryna, s\u00f3l, pieprz<\/p>\n<p>\u0141ososia posypa\u0107 lekko sol\u0105 i pieprzem, pokropi\u0107 sokiem cytrynowym. Nagrza\u0107 piekarnik do temperatury 180? C i wstawi\u0107 na kratce grillowej u\u0142o\u017cone na niej kawa\u0142ki \u0142ososia. W\u0142\u0105czy\u0107 g\u00f3rne grzanie lub termoobieg. z ka\u017cdej strony piec ryb\u0119 6 minut lub nieco kr\u00f3cej, je\u015bli mi\u0119so jest ju\u017c mi\u0119kkie<br \/>\ni upieczone. w tym czasie przygotowa\u0107 sa\u0142atk\u0119: przekroi\u0107 na p\u00f3\u0142 mango, wyj\u0105\u0107 pestk\u0119, pokroi\u0107 mi\u0105\u017csz w kostk\u0119 i dopiero wtedy odkroi\u0107 go od sk\u00f3rki. Przekroi\u0107 papaj\u0119, usun\u0105\u0107 \u0142y\u017ck\u0105 pestki, obra\u0107 i pokroi\u0107 w kostk\u0119. Wymiesza\u0107 oba owoce z sokiem cytrynowym, pieprzem i sol\u0105. Kiedy \u0142oso\u015b b\u0119dzie upieczony, na\u0142o\u017cy\u0107 na kawa\u0142ki ryby sa\u0142atk\u0119 owocow\u0105 i podawa\u0107. <\/p>\n","protected":false},"excerpt":{"rendered":"<p>(4 porcje) 4 kawa\u0142ki surowego \u0142ososia ze sk\u00f3r\u0105, 2 \u0142y\u017cki oliwy z oliwek, s\u00f3l, pieprz na sa\u0142atk\u0119: 1 ma\u0142y owoc mango, 1 ma\u0142y owoc papai, 2 \u0142y\u017ceczki startego \u015bwie\u017cego imbiru, 1 niedu\u017ca cytryna, s\u00f3l, pieprz \u0141ososia posypa\u0107 lekko sol\u0105 i pieprzem, pokropi\u0107 sokiem cytrynowym. Nagrza\u0107 piekarnik do temperatury 180? C i wstawi\u0107 na kratce grillowej [&hellip;]<\/p>\n","protected":false},"author":2,"featured_media":0,"comment_status":"open","ping_status":"open","sticky":false,"template":"","format":"standard","meta":{"footnotes":""},"categories":[1],"tags":[],"_links":{"self":[{"href":"https:\/\/blog.polityka.pl\/adamczewski\/wp-json\/wp\/v2\/posts\/8633"}],"collection":[{"href":"https:\/\/blog.polityka.pl\/adamczewski\/wp-json\/wp\/v2\/posts"}],"about":[{"href":"https:\/\/blog.polityka.pl\/adamczewski\/wp-json\/wp\/v2\/types\/post"}],"author":[{"embeddable":true,"href":"https:\/\/blog.polityka.pl\/adamczewski\/wp-json\/wp\/v2\/users\/2"}],"replies":[{"embeddable":true,"href":"https:\/\/blog.polityka.pl\/adamczewski\/wp-json\/wp\/v2\/comments?post=8633"}],"version-history":[{"count":0,"href":"https:\/\/blog.polityka.pl\/adamczewski\/wp-json\/wp\/v2\/posts\/8633\/revisions"}],"wp:attachment":[{"href":"https:\/\/blog.polityka.pl\/adamczewski\/wp-json\/wp\/v2\/media?parent=8633"}],"wp:term":[{"taxonomy":"category","embeddable":true,"href":"https:\/\/blog.polityka.pl\/adamczewski\/wp-json\/wp\/v2\/categories?post=8633"},{"taxonomy":"post_tag","embeddable":true,"href":"https:\/\/blog.polityka.pl\/adamczewski\/wp-json\/wp\/v2\/tags?post=8633"}],"curies":[{"name":"wp","href":"https:\/\/api.w.org\/{rel}","templated":true}]}}