
{"id":8636,"date":"2008-01-11T15:58:00","date_gmt":"2008-01-11T15:58:00","guid":{"rendered":"http:\/\/adamczewscy.pl\/?p=634"},"modified":"2008-01-11T15:58:00","modified_gmt":"2008-01-11T15:58:00","slug":"ricotta","status":"publish","type":"post","link":"https:\/\/blog.polityka.pl\/adamczewski\/2008\/01\/11\/ricotta\/","title":{"rendered":"Ricotta"},"content":{"rendered":"<p>Ser ten, produkowany z serwatki, spotykamy na wi\u0119kszo\u015bci p\u00f3\u0142ek sklepowych. Jest to delikatny twaro\u017cek deserowy, kt\u00f3ry doskonale nadaje si\u0119 jako dodatek do pieczywa, do przygotowywania deser\u00f3w, krem\u00f3w, zaprawiania sos\u00f3w i sporz\u0105dzania farsz\u00f3w. <\/p>\n","protected":false},"excerpt":{"rendered":"<p>Ser ten, produkowany z serwatki, spotykamy na wi\u0119kszo\u015bci p\u00f3\u0142ek sklepowych. Jest to delikatny twaro\u017cek deserowy, kt\u00f3ry doskonale nadaje si\u0119 jako dodatek do pieczywa, do przygotowywania deser\u00f3w, krem\u00f3w, zaprawiania sos\u00f3w i sporz\u0105dzania farsz\u00f3w.<\/p>\n","protected":false},"author":2,"featured_media":0,"comment_status":"open","ping_status":"open","sticky":false,"template":"","format":"standard","meta":{"footnotes":""},"categories":[1],"tags":[],"_links":{"self":[{"href":"https:\/\/blog.polityka.pl\/adamczewski\/wp-json\/wp\/v2\/posts\/8636"}],"collection":[{"href":"https:\/\/blog.polityka.pl\/adamczewski\/wp-json\/wp\/v2\/posts"}],"about":[{"href":"https:\/\/blog.polityka.pl\/adamczewski\/wp-json\/wp\/v2\/types\/post"}],"author":[{"embeddable":true,"href":"https:\/\/blog.polityka.pl\/adamczewski\/wp-json\/wp\/v2\/users\/2"}],"replies":[{"embeddable":true,"href":"https:\/\/blog.polityka.pl\/adamczewski\/wp-json\/wp\/v2\/comments?post=8636"}],"version-history":[{"count":0,"href":"https:\/\/blog.polityka.pl\/adamczewski\/wp-json\/wp\/v2\/posts\/8636\/revisions"}],"wp:attachment":[{"href":"https:\/\/blog.polityka.pl\/adamczewski\/wp-json\/wp\/v2\/media?parent=8636"}],"wp:term":[{"taxonomy":"category","embeddable":true,"href":"https:\/\/blog.polityka.pl\/adamczewski\/wp-json\/wp\/v2\/categories?post=8636"},{"taxonomy":"post_tag","embeddable":true,"href":"https:\/\/blog.polityka.pl\/adamczewski\/wp-json\/wp\/v2\/tags?post=8636"}],"curies":[{"name":"wp","href":"https:\/\/api.w.org\/{rel}","templated":true}]}}