
{"id":8645,"date":"2008-01-11T15:58:00","date_gmt":"2008-01-11T15:58:00","guid":{"rendered":"http:\/\/adamczewscy.pl\/?p=644"},"modified":"2008-01-11T15:58:00","modified_gmt":"2008-01-11T15:58:00","slug":"rukola","status":"publish","type":"post","link":"https:\/\/blog.polityka.pl\/adamczewski\/2008\/01\/11\/rukola\/","title":{"rendered":"Rukola"},"content":{"rendered":"<p>To druga z sa\u0142at, kt\u00f3re robi\u0105 na naszych sto\u0142ach osza\u0142amiaj\u0105c\u0105 karier\u0119: kto raz spr\u00f3bowa\u0142, kto wie, jak to smakowite zielsko przyprawi\u0107, ten na zawsze umie\u015bci je w swoim jad\u0142ospisie. Rukola przysz\u0142a do nas z W\u0142och, gdzie uprawia si\u0119 kilka jej gatunk\u00f3w. Cech\u0105 charakterystyczn\u0105 tych niewielkich postrz\u0119pionych listk\u00f3w jest ich do\u015b\u0107 ostry zapach. Rukol\u0119 wykorzystuje si\u0119 do przybierania potraw, \u0142\u0105czy si\u0119 j\u0105 z innymi sa\u0142atami, kt\u00f3rym nadaje nieco pikantnego smaku, ale tak\u017ce do innych cel\u00f3w.<br \/>\nHodowla rukoli w ogr\u00f3dku lub w doniczce czy skrzynce na balkonie jest bardzo \u0142atwa. Udaje si\u0119 u nas doskonale, przez ca\u0142e lato daj\u0105c plon nie gorszy ni\u017c w kraju pochodzenia. <\/p>\n","protected":false},"excerpt":{"rendered":"<p>To druga z sa\u0142at, kt\u00f3re robi\u0105 na naszych sto\u0142ach osza\u0142amiaj\u0105c\u0105 karier\u0119: kto raz spr\u00f3bowa\u0142, kto wie, jak to smakowite zielsko przyprawi\u0107, ten na zawsze umie\u015bci je w swoim jad\u0142ospisie. Rukola przysz\u0142a do nas z W\u0142och, gdzie uprawia si\u0119 kilka jej gatunk\u00f3w. Cech\u0105 charakterystyczn\u0105 tych niewielkich postrz\u0119pionych listk\u00f3w jest ich do\u015b\u0107 ostry zapach. Rukol\u0119 wykorzystuje si\u0119 [&hellip;]<\/p>\n","protected":false},"author":2,"featured_media":0,"comment_status":"open","ping_status":"open","sticky":false,"template":"","format":"standard","meta":{"footnotes":""},"categories":[1],"tags":[],"_links":{"self":[{"href":"https:\/\/blog.polityka.pl\/adamczewski\/wp-json\/wp\/v2\/posts\/8645"}],"collection":[{"href":"https:\/\/blog.polityka.pl\/adamczewski\/wp-json\/wp\/v2\/posts"}],"about":[{"href":"https:\/\/blog.polityka.pl\/adamczewski\/wp-json\/wp\/v2\/types\/post"}],"author":[{"embeddable":true,"href":"https:\/\/blog.polityka.pl\/adamczewski\/wp-json\/wp\/v2\/users\/2"}],"replies":[{"embeddable":true,"href":"https:\/\/blog.polityka.pl\/adamczewski\/wp-json\/wp\/v2\/comments?post=8645"}],"version-history":[{"count":0,"href":"https:\/\/blog.polityka.pl\/adamczewski\/wp-json\/wp\/v2\/posts\/8645\/revisions"}],"wp:attachment":[{"href":"https:\/\/blog.polityka.pl\/adamczewski\/wp-json\/wp\/v2\/media?parent=8645"}],"wp:term":[{"taxonomy":"category","embeddable":true,"href":"https:\/\/blog.polityka.pl\/adamczewski\/wp-json\/wp\/v2\/categories?post=8645"},{"taxonomy":"post_tag","embeddable":true,"href":"https:\/\/blog.polityka.pl\/adamczewski\/wp-json\/wp\/v2\/tags?post=8645"}],"curies":[{"name":"wp","href":"https:\/\/api.w.org\/{rel}","templated":true}]}}