
{"id":8647,"date":"2008-01-11T15:58:00","date_gmt":"2008-01-11T15:58:00","guid":{"rendered":"http:\/\/adamczewscy.pl\/?p=648"},"modified":"2008-01-11T15:58:00","modified_gmt":"2008-01-11T15:58:00","slug":"chinski-makaron-na-letni-obiad","status":"publish","type":"post","link":"https:\/\/blog.polityka.pl\/adamczewski\/2008\/01\/11\/chinski-makaron-na-letni-obiad\/","title":{"rendered":"Chi\u0144ski makaron na letni obiad"},"content":{"rendered":"<p>(4\u00966 porcji)<\/p>\n<p>50 dag chi\u0144skiego makaronu jajecznego, s\u00f3l<br \/>\nna sos: 3 \u0142y\u017cki octu ry\u017cowego, 3 \u0142y\u017cki ciemnego sosu sojowego, 3 \u0142y\u017cki pasty sezamowej tahina, 1 \u0142y\u017cka mielonego imbiru, 4 \u0142y\u017cki upra\u017conych ziaren sezamu, ostra papryka wed\u0142ug gustu lub na koniec \u0142y\u017ceczki sosu tabasco, jako ozdoba ewentualnie siekany szczypior <\/p>\n<p>Przygotowa\u0107 sos, mieszaj\u0105c wszystkie jego sk\u0142adniki. Ugotowa\u0107 makaron w osolonej wodzie, wed\u0142ug przepisu na opakowaniu. Odcedzi\u0107, wymiesza\u0107 z sosem, po czym ostudzi\u0107. Posypa\u0107 upra\u017conym sezamem i jeszcze raz wymiesza\u0107. Podawa\u0107 potraw\u0119 w temperaturze pokojowej. <\/p>\n","protected":false},"excerpt":{"rendered":"<p>(4\u00966 porcji) 50 dag chi\u0144skiego makaronu jajecznego, s\u00f3l na sos: 3 \u0142y\u017cki octu ry\u017cowego, 3 \u0142y\u017cki ciemnego sosu sojowego, 3 \u0142y\u017cki pasty sezamowej tahina, 1 \u0142y\u017cka mielonego imbiru, 4 \u0142y\u017cki upra\u017conych ziaren sezamu, ostra papryka wed\u0142ug gustu lub na koniec \u0142y\u017ceczki sosu tabasco, jako ozdoba ewentualnie siekany szczypior Przygotowa\u0107 sos, mieszaj\u0105c wszystkie jego sk\u0142adniki. Ugotowa\u0107 [&hellip;]<\/p>\n","protected":false},"author":2,"featured_media":0,"comment_status":"open","ping_status":"open","sticky":false,"template":"","format":"standard","meta":{"footnotes":""},"categories":[1],"tags":[],"_links":{"self":[{"href":"https:\/\/blog.polityka.pl\/adamczewski\/wp-json\/wp\/v2\/posts\/8647"}],"collection":[{"href":"https:\/\/blog.polityka.pl\/adamczewski\/wp-json\/wp\/v2\/posts"}],"about":[{"href":"https:\/\/blog.polityka.pl\/adamczewski\/wp-json\/wp\/v2\/types\/post"}],"author":[{"embeddable":true,"href":"https:\/\/blog.polityka.pl\/adamczewski\/wp-json\/wp\/v2\/users\/2"}],"replies":[{"embeddable":true,"href":"https:\/\/blog.polityka.pl\/adamczewski\/wp-json\/wp\/v2\/comments?post=8647"}],"version-history":[{"count":0,"href":"https:\/\/blog.polityka.pl\/adamczewski\/wp-json\/wp\/v2\/posts\/8647\/revisions"}],"wp:attachment":[{"href":"https:\/\/blog.polityka.pl\/adamczewski\/wp-json\/wp\/v2\/media?parent=8647"}],"wp:term":[{"taxonomy":"category","embeddable":true,"href":"https:\/\/blog.polityka.pl\/adamczewski\/wp-json\/wp\/v2\/categories?post=8647"},{"taxonomy":"post_tag","embeddable":true,"href":"https:\/\/blog.polityka.pl\/adamczewski\/wp-json\/wp\/v2\/tags?post=8647"}],"curies":[{"name":"wp","href":"https:\/\/api.w.org\/{rel}","templated":true}]}}