
{"id":8649,"date":"2008-01-11T15:58:00","date_gmt":"2008-01-11T15:58:00","guid":{"rendered":"http:\/\/adamczewscy.pl\/?p=653"},"modified":"2008-01-11T15:58:00","modified_gmt":"2008-01-11T15:58:00","slug":"egzotyczna-zupa-z-kurczaka","status":"publish","type":"post","link":"https:\/\/blog.polityka.pl\/adamczewski\/2008\/01\/11\/egzotyczna-zupa-z-kurczaka\/","title":{"rendered":"Egzotyczna zupa z kurczaka"},"content":{"rendered":"<p>(4 porcje)<\/p>\n<p>4 szklanki roso\u0142u z kurczaka (mo\u017ce by\u0107 z kostki), 10 dag \u015bwie\u017cych grzyb\u00f3w shiitake, 1 du\u017ce jajko, 1 niewielka kapusta peki\u0144ska, 1 \u0142y\u017cka siekanej zielonej kolendry, szczypta ostrej papryki, 1 niepe\u0142na szklanka suchego najdrobniejszego makaronu<\/p>\n<p>Grzyby op\u0142uka\u0107, odkroi\u0107 twarde ogonki, a kapelusze pokroi\u0107 w cienkie paseczki. Jajko lekko ubi\u0107 w kubeczku. Kapust\u0119 pokroi\u0107 na cienkie paski. Zagotowa\u0107 ros\u00f3\u0142 z ostr\u0105 papryk\u0105, doda\u0107 pokrojone grzyby i gotowa\u0107<br \/>\n2\u00963 minuty, po czym doda\u0107 makaron i gotowa\u0107 kolejne 3 minuty, na ostatni\u0105 minut\u0119 wrzucaj\u0105c kapust\u0119. Od razu wla\u0107 cienkim strumyczkiem rozk\u0142\u00f3cone jajko, kt\u00f3re zetnie si\u0119, tworz\u0105c niteczki. Gotow\u0105 zup\u0119 posypa\u0107 siekan\u0105 kolendr\u0105. Podawa\u0107 od razu, bardzo gor\u0105c\u0105. <\/p>\n","protected":false},"excerpt":{"rendered":"<p>(4 porcje) 4 szklanki roso\u0142u z kurczaka (mo\u017ce by\u0107 z kostki), 10 dag \u015bwie\u017cych grzyb\u00f3w shiitake, 1 du\u017ce jajko, 1 niewielka kapusta peki\u0144ska, 1 \u0142y\u017cka siekanej zielonej kolendry, szczypta ostrej papryki, 1 niepe\u0142na szklanka suchego najdrobniejszego makaronu Grzyby op\u0142uka\u0107, odkroi\u0107 twarde ogonki, a kapelusze pokroi\u0107 w cienkie paseczki. Jajko lekko ubi\u0107 w kubeczku. Kapust\u0119 pokroi\u0107 [&hellip;]<\/p>\n","protected":false},"author":2,"featured_media":0,"comment_status":"open","ping_status":"open","sticky":false,"template":"","format":"standard","meta":{"footnotes":""},"categories":[1],"tags":[],"_links":{"self":[{"href":"https:\/\/blog.polityka.pl\/adamczewski\/wp-json\/wp\/v2\/posts\/8649"}],"collection":[{"href":"https:\/\/blog.polityka.pl\/adamczewski\/wp-json\/wp\/v2\/posts"}],"about":[{"href":"https:\/\/blog.polityka.pl\/adamczewski\/wp-json\/wp\/v2\/types\/post"}],"author":[{"embeddable":true,"href":"https:\/\/blog.polityka.pl\/adamczewski\/wp-json\/wp\/v2\/users\/2"}],"replies":[{"embeddable":true,"href":"https:\/\/blog.polityka.pl\/adamczewski\/wp-json\/wp\/v2\/comments?post=8649"}],"version-history":[{"count":0,"href":"https:\/\/blog.polityka.pl\/adamczewski\/wp-json\/wp\/v2\/posts\/8649\/revisions"}],"wp:attachment":[{"href":"https:\/\/blog.polityka.pl\/adamczewski\/wp-json\/wp\/v2\/media?parent=8649"}],"wp:term":[{"taxonomy":"category","embeddable":true,"href":"https:\/\/blog.polityka.pl\/adamczewski\/wp-json\/wp\/v2\/categories?post=8649"},{"taxonomy":"post_tag","embeddable":true,"href":"https:\/\/blog.polityka.pl\/adamczewski\/wp-json\/wp\/v2\/tags?post=8649"}],"curies":[{"name":"wp","href":"https:\/\/api.w.org\/{rel}","templated":true}]}}