
{"id":8659,"date":"2008-01-11T15:58:00","date_gmt":"2008-01-11T15:58:00","guid":{"rendered":"http:\/\/adamczewscy.pl\/?p=664"},"modified":"2008-01-11T15:58:00","modified_gmt":"2008-01-11T15:58:00","slug":"salatka-z-sojowych-kielkow","status":"publish","type":"post","link":"https:\/\/blog.polityka.pl\/adamczewski\/2008\/01\/11\/salatka-z-sojowych-kielkow\/","title":{"rendered":"Sa\u0142atka z sojowych kie\u0142k\u00f3w"},"content":{"rendered":"<p>(4 porcje)<\/p>\n<p>1 ma\u0142y zielony og\u00f3rek, 2 \u0142odygi selera naciowego, 25\u009635 dag kie\u0142k\u00f3w sojowych, 10 dag orzech\u00f3w laskowych, 1 pomara\u0144cza, 15 dag niskot\u0142uszczowego sera feta<br \/>\nna sos: 1 pomara\u0144cza, 2 \u0142y\u017cki oleju z orzech\u00f3w w\u0142oskich,<br \/>\n1 \u0142y\u017ceczka musztardy francuskiej, s\u00f3l, pieprz <\/p>\n<p>Kie\u0142ki sojowe blanszowa\u0107 przez minut\u0119 we wrz\u0105cej wodzie. Ods\u0105czy\u0107, usun\u0105\u0107 mo\u017cliwie jak najwi\u0119cej wody w papierowym kuchennym r\u0119czniku. Przygotowa\u0107 sos: wycisn\u0105\u0107 sok z pomara\u0144czy, ubi\u0107 z olejem z orzech\u00f3w w\u0142oskich, doda\u0107 musztard\u0119, s\u00f3l i pieprz. Upra\u017cy\u0107 na suchej patelni orzechy laskowe, po czym lekko je posieka\u0107. Ser feta osuszy\u0107 papierowym r\u0119cznikiem i pokroi\u0107 ostrym no\u017cem w niewielk\u0105 kostk\u0119. Pomara\u0144cz\u0119 obra\u0107 i wykroi\u0107 cz\u0105stki mi\u0105\u017cszu z bia\u0142ej os\u0142onki. Pokroi\u0107 mo\u017cliwie najdrobniej og\u00f3rek i \u0142odygi selera. Wymiesza\u0107 ser, kie\u0142ki, orzechy, og\u00f3rek, \u0142odygi selera i pomara\u0144cz\u0119. Pola\u0107 sa\u0142atk\u0119 sosem i lekko wymiesza\u0107. <\/p>\n","protected":false},"excerpt":{"rendered":"<p>(4 porcje) 1 ma\u0142y zielony og\u00f3rek, 2 \u0142odygi selera naciowego, 25\u009635 dag kie\u0142k\u00f3w sojowych, 10 dag orzech\u00f3w laskowych, 1 pomara\u0144cza, 15 dag niskot\u0142uszczowego sera feta na sos: 1 pomara\u0144cza, 2 \u0142y\u017cki oleju z orzech\u00f3w w\u0142oskich, 1 \u0142y\u017ceczka musztardy francuskiej, s\u00f3l, pieprz Kie\u0142ki sojowe blanszowa\u0107 przez minut\u0119 we wrz\u0105cej wodzie. Ods\u0105czy\u0107, usun\u0105\u0107 mo\u017cliwie jak najwi\u0119cej wody [&hellip;]<\/p>\n","protected":false},"author":2,"featured_media":0,"comment_status":"open","ping_status":"open","sticky":false,"template":"","format":"standard","meta":{"footnotes":""},"categories":[1],"tags":[],"_links":{"self":[{"href":"https:\/\/blog.polityka.pl\/adamczewski\/wp-json\/wp\/v2\/posts\/8659"}],"collection":[{"href":"https:\/\/blog.polityka.pl\/adamczewski\/wp-json\/wp\/v2\/posts"}],"about":[{"href":"https:\/\/blog.polityka.pl\/adamczewski\/wp-json\/wp\/v2\/types\/post"}],"author":[{"embeddable":true,"href":"https:\/\/blog.polityka.pl\/adamczewski\/wp-json\/wp\/v2\/users\/2"}],"replies":[{"embeddable":true,"href":"https:\/\/blog.polityka.pl\/adamczewski\/wp-json\/wp\/v2\/comments?post=8659"}],"version-history":[{"count":0,"href":"https:\/\/blog.polityka.pl\/adamczewski\/wp-json\/wp\/v2\/posts\/8659\/revisions"}],"wp:attachment":[{"href":"https:\/\/blog.polityka.pl\/adamczewski\/wp-json\/wp\/v2\/media?parent=8659"}],"wp:term":[{"taxonomy":"category","embeddable":true,"href":"https:\/\/blog.polityka.pl\/adamczewski\/wp-json\/wp\/v2\/categories?post=8659"},{"taxonomy":"post_tag","embeddable":true,"href":"https:\/\/blog.polityka.pl\/adamczewski\/wp-json\/wp\/v2\/tags?post=8659"}],"curies":[{"name":"wp","href":"https:\/\/api.w.org\/{rel}","templated":true}]}}