
{"id":8663,"date":"2008-01-11T15:58:00","date_gmt":"2008-01-11T15:58:00","guid":{"rendered":"http:\/\/adamczewscy.pl\/?p=668"},"modified":"2008-01-11T15:58:00","modified_gmt":"2008-01-11T15:58:00","slug":"smazony-ryz","status":"publish","type":"post","link":"https:\/\/blog.polityka.pl\/adamczewski\/2008\/01\/11\/smazony-ryz\/","title":{"rendered":"Sma\u017cony ry\u017c"},"content":{"rendered":"<p>(4 porcje)<\/p>\n<p>3 woreczki ry\u017cu (po 125 g), 1 czerwona papryka, 2 z\u0105bki czosnku, 3 \u0142y\u017cki oleju lub oliwy, 2 jaja, 4 \u0142y\u017cki sosu sojowego, 2 cm korzenia \u015bwie\u017cego imbiru <\/p>\n<p>Jaja rozbi\u0107 w miseczce z 3 \u0142y\u017ckami wody i posoli\u0107. Na du\u017cej patelni rozgrza\u0107 \u0142y\u017ck\u0119 oleju lub oliwy, wyla\u0107 mas\u0119 jajeczn\u0105 i usma\u017cy\u0107 omlet. Wy\u0142o\u017cy\u0107 go na desk\u0119 do krojenia i pokroi\u0107 w paski. Ry\u017c ugotowa\u0107 wed\u0142ug przepisu. Papryk\u0119 pokroi\u0107 w cienkie paseczki. Utrze\u0107 na tarce obrany kawa\u0142ek imbiru. Rozgrza\u0107 na patelni pozosta\u0142y olej, doda\u0107 przeci\u015bni\u0119ty przez prask\u0119 czosnek, imbir i chwil\u0119 sma\u017cy\u0107, po czym doda\u0107 pokrojon\u0105 papryk\u0119 i jeszcze chwil\u0119 sma\u017cy\u0107. Doda\u0107 ugotowany ry\u017c, pokrojony omlet, sos sojowy<br \/>\ni wymiesza\u0107 podgrzewaj\u0105c. Podawa\u0107 jako znakomity dodatek do potraw lub bez \u017cadnych dodatk\u00f3w. <\/p>\n","protected":false},"excerpt":{"rendered":"<p>(4 porcje) 3 woreczki ry\u017cu (po 125 g), 1 czerwona papryka, 2 z\u0105bki czosnku, 3 \u0142y\u017cki oleju lub oliwy, 2 jaja, 4 \u0142y\u017cki sosu sojowego, 2 cm korzenia \u015bwie\u017cego imbiru Jaja rozbi\u0107 w miseczce z 3 \u0142y\u017ckami wody i posoli\u0107. Na du\u017cej patelni rozgrza\u0107 \u0142y\u017ck\u0119 oleju lub oliwy, wyla\u0107 mas\u0119 jajeczn\u0105 i usma\u017cy\u0107 omlet. Wy\u0142o\u017cy\u0107 [&hellip;]<\/p>\n","protected":false},"author":2,"featured_media":0,"comment_status":"open","ping_status":"open","sticky":false,"template":"","format":"standard","meta":{"footnotes":""},"categories":[1],"tags":[],"_links":{"self":[{"href":"https:\/\/blog.polityka.pl\/adamczewski\/wp-json\/wp\/v2\/posts\/8663"}],"collection":[{"href":"https:\/\/blog.polityka.pl\/adamczewski\/wp-json\/wp\/v2\/posts"}],"about":[{"href":"https:\/\/blog.polityka.pl\/adamczewski\/wp-json\/wp\/v2\/types\/post"}],"author":[{"embeddable":true,"href":"https:\/\/blog.polityka.pl\/adamczewski\/wp-json\/wp\/v2\/users\/2"}],"replies":[{"embeddable":true,"href":"https:\/\/blog.polityka.pl\/adamczewski\/wp-json\/wp\/v2\/comments?post=8663"}],"version-history":[{"count":0,"href":"https:\/\/blog.polityka.pl\/adamczewski\/wp-json\/wp\/v2\/posts\/8663\/revisions"}],"wp:attachment":[{"href":"https:\/\/blog.polityka.pl\/adamczewski\/wp-json\/wp\/v2\/media?parent=8663"}],"wp:term":[{"taxonomy":"category","embeddable":true,"href":"https:\/\/blog.polityka.pl\/adamczewski\/wp-json\/wp\/v2\/categories?post=8663"},{"taxonomy":"post_tag","embeddable":true,"href":"https:\/\/blog.polityka.pl\/adamczewski\/wp-json\/wp\/v2\/tags?post=8663"}],"curies":[{"name":"wp","href":"https:\/\/api.w.org\/{rel}","templated":true}]}}