
{"id":8678,"date":"2008-01-11T15:58:00","date_gmt":"2008-01-11T15:58:00","guid":{"rendered":"http:\/\/adamczewscy.pl\/?p=683"},"modified":"2008-01-11T15:58:00","modified_gmt":"2008-01-11T15:58:00","slug":"dawna-zupa-cytrynowa","status":"publish","type":"post","link":"https:\/\/blog.polityka.pl\/adamczewski\/2008\/01\/11\/dawna-zupa-cytrynowa\/","title":{"rendered":"Dawna zupa cytrynowa"},"content":{"rendered":"<p>(6 porcji)<br \/>\n Ok. 50 dag mi\u0119sa ciel\u0119cego z ko\u015bci\u0105, marchew, kawa\u0142ek selera, cytryna, koperek, s\u00f3l, pieprz, \u0142y\u017ceczka cukru, 1\/2 szklanki ry\u017cu, \u0142y\u017cka mas\u0142a.<br \/>\n1. Do garnka wla\u0107 oko\u0142o  12 szklanek  wody ,w\u0142o\u017cy\u0107 mi\u0119so i obrane, op\u0142ukane jarzyny, gotowa\u0107 tak d\u0142ugo ,a\u017c ciel\u0119cina b\u0119dzie kleista, a woda wyparuje w po\u0142owie. Wyj\u0105\u0107 jarzyny z roso\u0142u.<br \/>\n2. Do roso\u0142u ciel\u0119cego wrzuci\u0107 ry\u017c i gotowa\u0107 do mi\u0119kko\u015bci.<br \/>\n3. Wcisn\u0105\u0107 do zupy sok z cytryny, doda\u0107 posiekany koperek, cukier, mas\u0142o, s\u00f3l, pieprz. Przykry\u0107 pokrywk\u0105 i zgasi\u0107 ogie\u0144, niechaj przez chwil\u0119 wszystko razem si\u0119 zmaceruje.<\/p>\n","protected":false},"excerpt":{"rendered":"<p>(6 porcji) Ok. 50 dag mi\u0119sa ciel\u0119cego z ko\u015bci\u0105, marchew, kawa\u0142ek selera, cytryna, koperek, s\u00f3l, pieprz, \u0142y\u017ceczka cukru, 1\/2 szklanki ry\u017cu, \u0142y\u017cka mas\u0142a. 1. Do garnka wla\u0107 oko\u0142o 12 szklanek wody ,w\u0142o\u017cy\u0107 mi\u0119so i obrane, op\u0142ukane jarzyny, gotowa\u0107 tak d\u0142ugo ,a\u017c ciel\u0119cina b\u0119dzie kleista, a woda wyparuje w po\u0142owie. Wyj\u0105\u0107 jarzyny z roso\u0142u. 2. Do [&hellip;]<\/p>\n","protected":false},"author":2,"featured_media":0,"comment_status":"open","ping_status":"open","sticky":false,"template":"","format":"standard","meta":{"footnotes":""},"categories":[1],"tags":[],"_links":{"self":[{"href":"https:\/\/blog.polityka.pl\/adamczewski\/wp-json\/wp\/v2\/posts\/8678"}],"collection":[{"href":"https:\/\/blog.polityka.pl\/adamczewski\/wp-json\/wp\/v2\/posts"}],"about":[{"href":"https:\/\/blog.polityka.pl\/adamczewski\/wp-json\/wp\/v2\/types\/post"}],"author":[{"embeddable":true,"href":"https:\/\/blog.polityka.pl\/adamczewski\/wp-json\/wp\/v2\/users\/2"}],"replies":[{"embeddable":true,"href":"https:\/\/blog.polityka.pl\/adamczewski\/wp-json\/wp\/v2\/comments?post=8678"}],"version-history":[{"count":0,"href":"https:\/\/blog.polityka.pl\/adamczewski\/wp-json\/wp\/v2\/posts\/8678\/revisions"}],"wp:attachment":[{"href":"https:\/\/blog.polityka.pl\/adamczewski\/wp-json\/wp\/v2\/media?parent=8678"}],"wp:term":[{"taxonomy":"category","embeddable":true,"href":"https:\/\/blog.polityka.pl\/adamczewski\/wp-json\/wp\/v2\/categories?post=8678"},{"taxonomy":"post_tag","embeddable":true,"href":"https:\/\/blog.polityka.pl\/adamczewski\/wp-json\/wp\/v2\/tags?post=8678"}],"curies":[{"name":"wp","href":"https:\/\/api.w.org\/{rel}","templated":true}]}}