
{"id":868,"date":"2009-04-24T06:00:55","date_gmt":"2009-04-24T04:00:55","guid":{"rendered":"http:\/\/adamczewski.blog.polityka.pl\/?p=868"},"modified":"2009-04-27T07:12:04","modified_gmt":"2009-04-27T05:12:04","slug":"bilans-tygodnia-czyli-wyjasnienie-dlaczego-dzis-malo-tekstu-a-duzo-zdjec","status":"publish","type":"post","link":"https:\/\/blog.polityka.pl\/adamczewski\/2009\/04\/24\/bilans-tygodnia-czyli-wyjasnienie-dlaczego-dzis-malo-tekstu-a-duzo-zdjec\/","title":{"rendered":"Bilans tygodnia czyli wyja\u015bnienie dlaczego dzi\u015b ma\u0142o tekstu a du\u017co zdj\u0119\u0107"},"content":{"rendered":"<p>W mijaj\u0105cym tygodniu przygotowa\u0142em 5 wpis\u00f3w blogowych (w\u0142\u0105cznie z dzisiejszym), opracowa\u0142em 100 przepis\u00f3w do przysz\u0142orocznego kalendarza, wymy\u015bli\u0142em plan kr\u00f3tkich felieton\u00f3w na sze\u015b\u0107 kolejnych miesi\u0119cy do magazynu kulinarnego, uczestniczy\u0142em w audycji radiowej omawiaj\u0105cej &#8222;W\u0119dr\u00f3wk\u0119 po sto\u0142ach Europy&#8221; w Polskim Radio Euro oraz w moich cotygodniowych\u00a0&#8222;Kuchniach \u015bwiata&#8221; w TOK FM, wzi\u0105\u0142em udzia\u0142 w show &#8222;Ma\u0142a czarna&#8221; w TV 4, przyrz\u0105dzi\u0142em i upiek\u0142em 3 foremki pasztetu (uprzednio robi\u0105c niezb\u0119dne zakupy na bazarze), 3 razy przygotowywa\u0142em domowe kolacje ( a uczestniczy\u0142em w spo\u017cyciu tak\u017ce trzech kolejnych), kupi\u0142em i przytarga\u0142em do domu szklany parawan na wann\u0119 tworz\u0105cy nad ni\u0105 kabin\u0119 prysznicow\u0105 (ponad 40 kg szk\u0142a i metalu), kilka razy dziennie czyta\u0142em komentarze blogowe czasem dopisuj\u0105c swoje uwagi, odpowiada\u0142em na pytania internaut\u00f3w kierowane do witryny <a href=\"http:\/\/www.adamczewscy.pl\">www.adamczewscy.pl<\/a> , wymy\u015bli\u0142em i napisa\u0142em kolejny felieton &#8222;Za sto\u0142em&#8221; do mojego macierzystego pisma, odnowi\u0142em zapas win (g\u0142\u00f3wnie r\u00f3\u017cowych spodziewaj\u0105c si\u0119 upa\u0142\u00f3w) w piwniczce na wsi, wozi\u0142em wnuczk\u0119 do szko\u0142y baletowej i fotografowa\u0142em jej wyst\u0119p konkursowy&#8230;<\/p>\n<p>By\u0142o jeszcze par\u0119 r\u00f3wnie wyczerpuj\u0105cych czynno\u015bci, kt\u00f3rych nie opisz\u0119 lituj\u0105c si\u0119 nad ewentualnymi czytelnikami. Dalej wi\u0119c b\u0119d\u0105 same fotosy ( my\u015bl\u0119, \u017ce jestem usprawiedliwiony):<\/p>\n<p>\u00a0<\/p>\n<p>\u00a0<\/p>\n<p><em>\u015aniadanie Basi<\/em><\/p>\n<p>\u00a0<\/p>\n<p><em>A to m\u00f3j omlet<\/em><\/p>\n<p>\u00a0<\/p>\n<p><em>W kuchni Pascala Brodnickiego gotujemy zup\u0119 z oliwek z mascarpone<\/em><\/p>\n<p>\u00a0<\/p>\n<p><em>Sola nale\u017cy te\u017c do Basi<\/em><\/p>\n<p>\u00a0<\/p>\n<p><em>A ja wol\u0119 schaboszczaka<\/em><\/p>\n<p><em><\/em><\/p>\n<p><em><\/em><\/p>\n<p><em>A na deser apfelstrudel&#8230;<\/em><\/p>\n<p><em><\/em><\/p>\n<p><em>&#8230;lub rogaliki wg. przepisu Babci Eufrozyny<\/em><\/p>\n<p>Ci\u0105g dalszy nast\u0105pi przy sprzyjaj\u0105cych warunkach czyli w bli\u017cej nieokre\u015blonej przysz\u0142o\u015bci.<\/p>\n","protected":false},"excerpt":{"rendered":"<p>W mijaj\u0105cym tygodniu przygotowa\u0142em 5 wpis\u00f3w blogowych (w\u0142\u0105cznie z dzisiejszym), opracowa\u0142em 100 przepis\u00f3w do przysz\u0142orocznego kalendarza, wymy\u015bli\u0142em plan kr\u00f3tkich felieton\u00f3w na sze\u015b\u0107 kolejnych miesi\u0119cy do magazynu kulinarnego, uczestniczy\u0142em w audycji radiowej omawiaj\u0105cej &#8222;W\u0119dr\u00f3wk\u0119 po sto\u0142ach Europy&#8221; w Polskim Radio Euro oraz w moich cotygodniowych\u00a0&#8222;Kuchniach \u015bwiata&#8221; w TOK FM, wzi\u0105\u0142em udzia\u0142 w show &#8222;Ma\u0142a czarna&#8221; w [&hellip;]<\/p>\n","protected":false},"author":2,"featured_media":0,"comment_status":"open","ping_status":"open","sticky":false,"template":"","format":"standard","meta":{"footnotes":""},"categories":[1],"tags":[],"_links":{"self":[{"href":"https:\/\/blog.polityka.pl\/adamczewski\/wp-json\/wp\/v2\/posts\/868"}],"collection":[{"href":"https:\/\/blog.polityka.pl\/adamczewski\/wp-json\/wp\/v2\/posts"}],"about":[{"href":"https:\/\/blog.polityka.pl\/adamczewski\/wp-json\/wp\/v2\/types\/post"}],"author":[{"embeddable":true,"href":"https:\/\/blog.polityka.pl\/adamczewski\/wp-json\/wp\/v2\/users\/2"}],"replies":[{"embeddable":true,"href":"https:\/\/blog.polityka.pl\/adamczewski\/wp-json\/wp\/v2\/comments?post=868"}],"version-history":[{"count":0,"href":"https:\/\/blog.polityka.pl\/adamczewski\/wp-json\/wp\/v2\/posts\/868\/revisions"}],"wp:attachment":[{"href":"https:\/\/blog.polityka.pl\/adamczewski\/wp-json\/wp\/v2\/media?parent=868"}],"wp:term":[{"taxonomy":"category","embeddable":true,"href":"https:\/\/blog.polityka.pl\/adamczewski\/wp-json\/wp\/v2\/categories?post=868"},{"taxonomy":"post_tag","embeddable":true,"href":"https:\/\/blog.polityka.pl\/adamczewski\/wp-json\/wp\/v2\/tags?post=868"}],"curies":[{"name":"wp","href":"https:\/\/api.w.org\/{rel}","templated":true}]}}