
{"id":8727,"date":"2008-01-11T15:58:00","date_gmt":"2008-01-11T15:58:00","guid":{"rendered":"http:\/\/adamczewscy.pl\/?p=738"},"modified":"2008-01-11T15:58:00","modified_gmt":"2008-01-11T15:58:00","slug":"bulka-czosnkowa","status":"publish","type":"post","link":"https:\/\/blog.polityka.pl\/adamczewski\/2008\/01\/11\/bulka-czosnkowa\/","title":{"rendered":"Bu\u0142ka czosnkowa"},"content":{"rendered":"<p>(6 porcji)<br \/>\nD\u0142uga bu\u0142ka (bagietka, wroc\u0142awska), \u0142\/4 kostki mas\u0142a, du\u017cy z\u0105bek czosnku. Niezb\u0119dny jest tak\u017ce kawa\u0142ek folii aluminiowej d\u0142ugo\u015bci bu\u0142ki.<br \/>\n1. D\u0142ug\u0105 bu\u0142k\u0119, mo\u017ce by\u0107 czerstwa, pokroi\u0107 na niezbyt cienkie plasterki (nie dokrawaj\u0105c do ko\u0144ca, tak aby plasterki si\u0119 trzyma\u0142y).<br \/>\n2. Ka\u017cdy plasterek smarowa\u0107 z jednej strony najpierw odrobin\u0105 przetartego przez prask\u0119 czosnku, potem za\u015b mas\u0142em. Bu\u0142k\u0119 sk\u0142ada si\u0119 na powr\u00f3t do dawnego kszta\u0142tu, zawija w foli\u0119 i piecze w piekarniku ok. 25 min w temperaturze 170 stC. Powinna by\u0107 aromatyczna i chrupi\u0105ca.<br \/>\nBu\u0142k\u0119 tak\u0105 mo\u017cna podawa\u0107 do w\u0119dlin na przyj\u0119cia, zamiast konwencjonalnego pieczywa, lub jako dodatek do zupy grochowej, fasolowej i kartoflanki<\/p>\n","protected":false},"excerpt":{"rendered":"<p>(6 porcji) D\u0142uga bu\u0142ka (bagietka, wroc\u0142awska), \u0142\/4 kostki mas\u0142a, du\u017cy z\u0105bek czosnku. Niezb\u0119dny jest tak\u017ce kawa\u0142ek folii aluminiowej d\u0142ugo\u015bci bu\u0142ki. 1. D\u0142ug\u0105 bu\u0142k\u0119, mo\u017ce by\u0107 czerstwa, pokroi\u0107 na niezbyt cienkie plasterki (nie dokrawaj\u0105c do ko\u0144ca, tak aby plasterki si\u0119 trzyma\u0142y). 2. Ka\u017cdy plasterek smarowa\u0107 z jednej strony najpierw odrobin\u0105 przetartego przez prask\u0119 czosnku, potem za\u015b [&hellip;]<\/p>\n","protected":false},"author":2,"featured_media":0,"comment_status":"open","ping_status":"open","sticky":false,"template":"","format":"standard","meta":{"footnotes":""},"categories":[1],"tags":[],"_links":{"self":[{"href":"https:\/\/blog.polityka.pl\/adamczewski\/wp-json\/wp\/v2\/posts\/8727"}],"collection":[{"href":"https:\/\/blog.polityka.pl\/adamczewski\/wp-json\/wp\/v2\/posts"}],"about":[{"href":"https:\/\/blog.polityka.pl\/adamczewski\/wp-json\/wp\/v2\/types\/post"}],"author":[{"embeddable":true,"href":"https:\/\/blog.polityka.pl\/adamczewski\/wp-json\/wp\/v2\/users\/2"}],"replies":[{"embeddable":true,"href":"https:\/\/blog.polityka.pl\/adamczewski\/wp-json\/wp\/v2\/comments?post=8727"}],"version-history":[{"count":0,"href":"https:\/\/blog.polityka.pl\/adamczewski\/wp-json\/wp\/v2\/posts\/8727\/revisions"}],"wp:attachment":[{"href":"https:\/\/blog.polityka.pl\/adamczewski\/wp-json\/wp\/v2\/media?parent=8727"}],"wp:term":[{"taxonomy":"category","embeddable":true,"href":"https:\/\/blog.polityka.pl\/adamczewski\/wp-json\/wp\/v2\/categories?post=8727"},{"taxonomy":"post_tag","embeddable":true,"href":"https:\/\/blog.polityka.pl\/adamczewski\/wp-json\/wp\/v2\/tags?post=8727"}],"curies":[{"name":"wp","href":"https:\/\/api.w.org\/{rel}","templated":true}]}}