
{"id":8755,"date":"2008-01-11T15:58:00","date_gmt":"2008-01-11T15:58:00","guid":{"rendered":"http:\/\/adamczewscy.pl\/?p=771"},"modified":"2008-01-11T15:58:00","modified_gmt":"2008-01-11T15:58:00","slug":"galaretka-z-nozek-cielecych-lub-wieprzowych","status":"publish","type":"post","link":"https:\/\/blog.polityka.pl\/adamczewski\/2008\/01\/11\/galaretka-z-nozek-cielecych-lub-wieprzowych\/","title":{"rendered":"Galaretka z n\u00f3\u017cek ciel\u0119cych lub wieprzowych"},"content":{"rendered":"<p><a href=\"http:\/\/adamczewscy.pl\/wp-content\/uploads\/2011\/04\/ZImne-n\u00f3\u017cki.jpg\"><img loading=\"lazy\" decoding=\"async\" src=\"http:\/\/adamczewscy.pl\/wp-content\/uploads\/2011\/04\/ZImne-n\u00f3\u017cki.jpg\" alt=\"\" title=\"OLYMPUS DIGITAL CAMERA\" width=\"400\" height=\"533\" class=\"alignnone size-full wp-image-4162\" \/><\/a><\/p>\n<p><em>2 n\u00f3\u017cki ciel\u0119ce  lub wieprzowe, oko\u0142o 25 dag mi\u0119sa, porcja w\u0142oszczyzny bez kapusty i z jedn\u0105 tylko marchwi\u0105, 2 z\u0105bki czosnku,  listek laurowy, s\u00f3l, pieprz. Do przybrania galarety zielony groszek, jajko na twardo.<\/em><\/p>\n<p>1. Oczyszczone i por\u0105bane na cz\u0119\u015bci n\u00f3\u017cki wraz z mi\u0119sem zala\u0107 wod\u0105, doda\u0107 oczyszczon\u0105 w\u0142oszczyzn\u0119 i gotowa\u0107 ok. 3 godz. na ma\u0142ym ogniu.<br \/>\n2. Pod koniec gotowania doda\u0107 roztarte z sol\u0105 2 z\u0105bki czosnku, listek laurowy, pieprz.<br \/>\n3. Odstawi\u0107 z ognia i ostudzi\u0107. Mi\u0119so, r\u00f3wnie\u017c to obrane z ko\u015bci, przepu\u015bci\u0107 przez maszynk\u0119 lub drobno posieka\u0107.<br \/>\n4. Wywar odcedzi\u0107 i zala\u0107 nim rozdrobnione mi\u0119so u\u0142o\u017cone w salaterce, mo\u017cna doda\u0107 pokrojon\u0105 w plasterki marchew, groszek zielony oraz plasterki  jajka na twardo.<br \/>\n5. Wstawi\u0107 do lod\u00f3wki, aby galareta st\u0119\u017ca\u0142a.<br \/>\nMo\u017cna przygotowa\u0107 galaret\u0119 w ma\u0142ych miseczkach i przed podaniem wy\u0142o\u017cy\u0107 na p\u00f3\u0142misek, dekoruj\u0105c sa\u0142at\u0105, pomidorem i \u0107wiartkami cytryny.<\/p>\n","protected":false},"excerpt":{"rendered":"<p>2 n\u00f3\u017cki ciel\u0119ce lub wieprzowe, oko\u0142o 25 dag mi\u0119sa, porcja w\u0142oszczyzny bez kapusty i z jedn\u0105 tylko marchwi\u0105, 2 z\u0105bki czosnku, listek laurowy, s\u00f3l, pieprz. Do przybrania galarety zielony groszek, jajko na twardo. 1. Oczyszczone i por\u0105bane na cz\u0119\u015bci n\u00f3\u017cki wraz z mi\u0119sem zala\u0107 wod\u0105, doda\u0107 oczyszczon\u0105 w\u0142oszczyzn\u0119 i gotowa\u0107 ok. 3 godz. na ma\u0142ym [&hellip;]<\/p>\n","protected":false},"author":2,"featured_media":0,"comment_status":"open","ping_status":"open","sticky":false,"template":"","format":"standard","meta":{"footnotes":""},"categories":[1],"tags":[],"_links":{"self":[{"href":"https:\/\/blog.polityka.pl\/adamczewski\/wp-json\/wp\/v2\/posts\/8755"}],"collection":[{"href":"https:\/\/blog.polityka.pl\/adamczewski\/wp-json\/wp\/v2\/posts"}],"about":[{"href":"https:\/\/blog.polityka.pl\/adamczewski\/wp-json\/wp\/v2\/types\/post"}],"author":[{"embeddable":true,"href":"https:\/\/blog.polityka.pl\/adamczewski\/wp-json\/wp\/v2\/users\/2"}],"replies":[{"embeddable":true,"href":"https:\/\/blog.polityka.pl\/adamczewski\/wp-json\/wp\/v2\/comments?post=8755"}],"version-history":[{"count":0,"href":"https:\/\/blog.polityka.pl\/adamczewski\/wp-json\/wp\/v2\/posts\/8755\/revisions"}],"wp:attachment":[{"href":"https:\/\/blog.polityka.pl\/adamczewski\/wp-json\/wp\/v2\/media?parent=8755"}],"wp:term":[{"taxonomy":"category","embeddable":true,"href":"https:\/\/blog.polityka.pl\/adamczewski\/wp-json\/wp\/v2\/categories?post=8755"},{"taxonomy":"post_tag","embeddable":true,"href":"https:\/\/blog.polityka.pl\/adamczewski\/wp-json\/wp\/v2\/tags?post=8755"}],"curies":[{"name":"wp","href":"https:\/\/api.w.org\/{rel}","templated":true}]}}