
{"id":8759,"date":"2008-01-11T15:58:00","date_gmt":"2008-01-11T15:58:00","guid":{"rendered":"http:\/\/adamczewscy.pl\/?p=775"},"modified":"2008-01-11T15:58:00","modified_gmt":"2008-01-11T15:58:00","slug":"schabowy-czyli-to-co-wielu-z-nas-lubi-najbardziej","status":"publish","type":"post","link":"https:\/\/blog.polityka.pl\/adamczewski\/2008\/01\/11\/schabowy-czyli-to-co-wielu-z-nas-lubi-najbardziej\/","title":{"rendered":"Schabowy, czyli to, co wielu z nas lubi najbardziej"},"content":{"rendered":"<p>T\u0119 nieskomplikowan\u0105 potraw\u0119 przyrz\u0105dza si\u0119 w\u0142a\u015bciwie jednakowo wsz\u0119dzie, zawsze te\u017c ze schabowym kojarzy si\u0119 kapusta bia\u0142a lub kwa\u015bna gotowana i zasma\u017cana. Jedyne chyba r\u00f3\u017cnice polegaj\u0105 na u\u017cywaniu r\u00f3\u017cnych t\u0142uszcz\u00f3w do sma\u017cenia. Nie warto wi\u0119c pisa\u0107 o tym, jak sma\u017cy\u0107 kotlety ze schabu. Warto za\u015b pokaza\u0107, \u017ce tradycyjny schabowy mo\u017cna przyrz\u0105dzi\u0107 w nieco inny spos\u00f3b. Oto przepisy na schabowe inaczej.<\/p>\n","protected":false},"excerpt":{"rendered":"<p>T\u0119 nieskomplikowan\u0105 potraw\u0119 przyrz\u0105dza si\u0119 w\u0142a\u015bciwie jednakowo wsz\u0119dzie, zawsze te\u017c ze schabowym kojarzy si\u0119 kapusta bia\u0142a lub kwa\u015bna gotowana i zasma\u017cana. Jedyne chyba r\u00f3\u017cnice polegaj\u0105 na u\u017cywaniu r\u00f3\u017cnych t\u0142uszcz\u00f3w do sma\u017cenia. Nie warto wi\u0119c pisa\u0107 o tym, jak sma\u017cy\u0107 kotlety ze schabu. Warto za\u015b pokaza\u0107, \u017ce tradycyjny schabowy mo\u017cna przyrz\u0105dzi\u0107 w nieco inny spos\u00f3b. Oto [&hellip;]<\/p>\n","protected":false},"author":2,"featured_media":0,"comment_status":"open","ping_status":"open","sticky":false,"template":"","format":"standard","meta":{"footnotes":""},"categories":[1],"tags":[],"_links":{"self":[{"href":"https:\/\/blog.polityka.pl\/adamczewski\/wp-json\/wp\/v2\/posts\/8759"}],"collection":[{"href":"https:\/\/blog.polityka.pl\/adamczewski\/wp-json\/wp\/v2\/posts"}],"about":[{"href":"https:\/\/blog.polityka.pl\/adamczewski\/wp-json\/wp\/v2\/types\/post"}],"author":[{"embeddable":true,"href":"https:\/\/blog.polityka.pl\/adamczewski\/wp-json\/wp\/v2\/users\/2"}],"replies":[{"embeddable":true,"href":"https:\/\/blog.polityka.pl\/adamczewski\/wp-json\/wp\/v2\/comments?post=8759"}],"version-history":[{"count":0,"href":"https:\/\/blog.polityka.pl\/adamczewski\/wp-json\/wp\/v2\/posts\/8759\/revisions"}],"wp:attachment":[{"href":"https:\/\/blog.polityka.pl\/adamczewski\/wp-json\/wp\/v2\/media?parent=8759"}],"wp:term":[{"taxonomy":"category","embeddable":true,"href":"https:\/\/blog.polityka.pl\/adamczewski\/wp-json\/wp\/v2\/categories?post=8759"},{"taxonomy":"post_tag","embeddable":true,"href":"https:\/\/blog.polityka.pl\/adamczewski\/wp-json\/wp\/v2\/tags?post=8759"}],"curies":[{"name":"wp","href":"https:\/\/api.w.org\/{rel}","templated":true}]}}