
{"id":877,"date":"2009-04-27T06:00:44","date_gmt":"2009-04-27T04:00:44","guid":{"rendered":"http:\/\/adamczewski.blog.polityka.pl\/?p=877"},"modified":"2009-04-27T20:54:11","modified_gmt":"2009-04-27T18:54:11","slug":"kwitna-kaczence-ale-ich-nie-pokaze","status":"publish","type":"post","link":"https:\/\/blog.polityka.pl\/adamczewski\/2009\/04\/27\/kwitna-kaczence-ale-ich-nie-pokaze\/","title":{"rendered":"Kwitn\u0105 kacze\u0144ce ale ich nie poka\u017c\u0119"},"content":{"rendered":"<p>Wszystkie strugi i rowy melioracyjne na nadnarwia\u0144skich \u0142\u0105kach pe\u0142ne s\u0105 kacze\u0144c\u00f3w. Nie mog\u0119 ich jednak pokaza\u0107 poniewa\u017c nadal nie umiem zmniejsza\u0107 zdj\u0119\u0107. Odb\u0119d\u0119 stosowne szkolenie (podobno trwa ca\u0142y kwadrans je\u015bli ucze\u0144 w miar\u0119 poj\u0119tny) dopiero dzi\u015b czyli w poniedzia\u0142ek, gdy tekst ten musi ju\u017c figurowa\u0107 w blogu. Je\u015bli fachowcy w dziale foto uznaj\u0105, \u017ce zdj\u0119cia s\u0105 odpowiedniej jako\u015bci wrzuc\u0119 je par\u0119 godzin p\u00f3\u017aniej. A za k\u0142opoty z poprzednim wpisem\u00a0&#8211; przepraszam.<\/p>\n<p><img loading=\"lazy\" decoding=\"async\" class=\"aligncenter size-full wp-image-878\" title=\"p4260071\" src=\"\/wp-content\/uploads\/2009\/04\/p4260071.jpg\" alt=\"\" width=\"450\" height=\"338\" srcset=\"\/adamczewski\/wp-content\/uploads\/2009\/04\/p4260071.jpg 450w, \/adamczewski\/wp-content\/uploads\/2009\/04\/p4260071-300x225.jpg 300w\" sizes=\"(max-width: 450px) 100vw, 450px\" \/><\/p>\n<p><em>Kacze\u0144ce na naszej \u0142\u0105ce<\/em><\/p>\n<p><img loading=\"lazy\" decoding=\"async\" class=\"aligncenter size-full wp-image-879\" title=\"p4260073\" src=\"\/wp-content\/uploads\/2009\/04\/p4260073.jpg\" alt=\"\" width=\"450\" height=\"338\" srcset=\"\/adamczewski\/wp-content\/uploads\/2009\/04\/p4260073.jpg 450w, \/adamczewski\/wp-content\/uploads\/2009\/04\/p4260073-300x225.jpg 300w\" sizes=\"(max-width: 450px) 100vw, 450px\" \/><\/p>\n<p><em>A to grusza rosn\u0105ca na miedzy naszego terenu<\/em><\/p>\n<p><img loading=\"lazy\" decoding=\"async\" class=\"aligncenter size-full wp-image-880\" title=\"p4260074\" src=\"\/wp-content\/uploads\/2009\/04\/p4260074.jpg\" alt=\"\" width=\"450\" height=\"338\" srcset=\"\/adamczewski\/wp-content\/uploads\/2009\/04\/p4260074.jpg 450w, \/adamczewski\/wp-content\/uploads\/2009\/04\/p4260074-300x225.jpg 300w\" sizes=\"(max-width: 450px) 100vw, 450px\" \/><\/p>\n<p><em>To kwitn\u0105ca mirabelka pod sama werand\u0105<\/em><\/p>\n<p>\u00a0<br \/>\nMiniony weekend nie obfitowa\u0142 w \u017cadne bulwersuj\u0105ce wydarzenia kulinarne. By\u0142em wprawdzie na rynku w Pu\u0142tusku ale poza pomara\u0144czami na sok i \u015bwie\u017cym chlebem nie mia\u0142em zamiaru niczego innego kupowa\u0107.<br \/>\nPo napisaniu tego zdania nagle u\u015bwiadomi\u0142em sobie jakie zmiany w ostatnich latach nast\u0105pi\u0142y i w moim \u017cyciu, i w \u017cyciu ludzi po\u015br\u00f3d kt\u00f3rych mieszkam. Gdy sprowadzili\u015bmy si\u0119 pod Pu\u0142tusk ( a by\u0142o to w 1975 roku) ka\u017cda podr\u00f3\u017c na wie\u015b \u0142\u0105czy\u0142a si\u0119 z robieniem wielkich zakup\u00f3w w Warszawie, upychaniem wszystkiego w ma\u0142ym samochodzie i przewo\u017cenie do nadnarwia\u0144skiej cha\u0142upy. W sklepiku wiejskim nawet na chleb robiono zapisy. Je\u015bli w por\u0119 nie z\u0142o\u017cyli\u015bmy zam\u00f3wienia\u00a0&#8211; chleba nie by\u0142o. W\u0119dliny kupowali\u015bmy u s\u0105siad\u00f3w (produkcja nielegalna) i mi\u0119so te\u017c. Owoc\u00f3w nie by\u0142o tak\u017ce, a po pomidory czy w\u0142oszczyzn\u0119 biegali\u015bmy na pole s\u0105siadki, kt\u00f3rej w zamian przywozili\u015bmy prezenty z Warszawy, poniewa\u017c nie chcia\u0142a bra\u0107 got\u00f3wki. A tu dzi\u015b na pu\u0142tuskim rynku kupujemy, wybieraj\u0105c i grymasz\u0105c, banany, pomara\u0144cze, grapefruity.<br \/>\nTak mnie ta konstatacja rozochoci\u0142a, \u017ce kupi\u0142em w malutkim sklepiku rybnym du\u017c\u0105 paczk\u0119 krewetek, co zdecydowa\u0142o o niedzielnym menu. Risotto z krewetkami jest daniem prostym i pysznym.<br \/>\nAle jako, \u017ce jeste\u015bmy na wsi to takie krewetkowe wybryki traktowa\u0107 nale\u017cy jako nietypowe kulinarne incydenty. \u015aniadanie i kolacja winny wsp\u00f3\u0142gra\u0107 z nadnarwia\u0144skim i puszcza\u0144skim krajobrazem. W drodze z Pu\u0142tuska do naszej wsi (to zaledwie 8 kilometr\u00f3w) zauwa\u017cyli\u015bmy nowy szyld &#8222;Polski st\u00f3\u0142&#8221;. Wisi on na niedu\u017cej drewnianej cha\u0142upce stoj\u0105cej\u00a0 za mostem, na skrzy\u017cowaniu dr\u00f3g do Wyszkowa i Pop\u0142aw. W ubieg\u0142ym roku w domku\u00a0 by\u0142a\u00a0odstr\u0119czaj\u0105ca\u00a0 piwiarnia, co powodowa\u0142o powa\u017cne zagro\u017cenie w do\u015b\u0107 du\u017cym w tym miejscu ruchem drogowym. Teraz\u00a0w czystym\u00a0 wn\u0119trzu, pod daszkiem ze strzechy wisz\u0105cym nad spor\u0105 przeszklon\u0105 gablot\u0105, pe\u0142no \u015bwietnie prezentuj\u0105cych si\u0119 w\u0119dlin. W drugiej za\u015b\u00a0&#8211; mi\u0119so. Wprawdzie\u00a0\u00a0 by\u0142a to sama wieprzowina ale mi\u0142a i fachowa jak si\u0119 okaza\u0142o sprzedawczyni, poinformowa\u0142a nas, \u017ce wkr\u00f3tce b\u0119dzie i wo\u0142owina a tak\u017ce jagni\u0119cina, poniewa\u017c zatrzymuj\u0105cy si\u0119 tu klienci z pobliskich daczowisk tego si\u0119 domagaj\u0105.<br \/>\nKupili\u015bmy wi\u0119c dwa pi\u0119kne kawa\u0142ki kaszanki, jedno p\u0119to podsuszanej kie\u0142basy z dzika i spory odcinek surowej w\u0119dzonej kie\u0142basy polskiej. A wszystko to kosztowa\u0142o nas 8 z\u0142 80 gr. Podejrzewali\u015bmy, \u017ce\u00a0 sprzedawczyni pomyli\u0142a si\u0119 na swoj\u0105 niekorzy\u015b\u0107 ale po ponownym podliczeniu rachunek wypad\u0142 identycznie.<br \/>\nGdy w domu okaza\u0142o si\u0119, \u017ce kaszanka &#8211; zw\u0142aszcza po podsma\u017ceniu z cebulk\u0105 i skwarkami\u00a0&#8211; by\u0142a wspania\u0142a a obie kie\u0142basy jeszcze lepsze, postanowili\u015bmy zakupy mi\u0119sne przenie\u015b\u0107 z Pu\u0142tuska na skrzy\u017cowanie pod Pop\u0142awami. Zw\u0142aszcza, \u017ce to bli\u017cej nas.<\/p>\n<p>\u00a0W najbli\u017cszy weekend czyli podczas maj\u00f3wki, pod sklepem b\u0119dzie promocyjna impreza: w\u0142a\u015bciciele zapraszaj\u0105 wszystkich klient\u00f3w na mi\u0119so i kie\u0142basy pieczone na grillu.<br \/>\nKurpie Bia\u0142e (a nasza okolica to w\u0142a\u015bnie skraj tego regionu) pi\u0119knie zmieni\u0142y swoje oblicze.<br \/>\n\u00a0<\/p>\n","protected":false},"excerpt":{"rendered":"<p>Wszystkie strugi i rowy melioracyjne na nadnarwia\u0144skich \u0142\u0105kach pe\u0142ne s\u0105 kacze\u0144c\u00f3w. Nie mog\u0119 ich jednak pokaza\u0107 poniewa\u017c nadal nie umiem zmniejsza\u0107 zdj\u0119\u0107. Odb\u0119d\u0119 stosowne szkolenie (podobno trwa ca\u0142y kwadrans je\u015bli ucze\u0144 w miar\u0119 poj\u0119tny) dopiero dzi\u015b czyli w poniedzia\u0142ek, gdy tekst ten musi ju\u017c figurowa\u0107 w blogu. Je\u015bli fachowcy w dziale foto uznaj\u0105, \u017ce zdj\u0119cia [&hellip;]<\/p>\n","protected":false},"author":2,"featured_media":0,"comment_status":"open","ping_status":"open","sticky":false,"template":"","format":"standard","meta":{"footnotes":""},"categories":[1],"tags":[],"_links":{"self":[{"href":"https:\/\/blog.polityka.pl\/adamczewski\/wp-json\/wp\/v2\/posts\/877"}],"collection":[{"href":"https:\/\/blog.polityka.pl\/adamczewski\/wp-json\/wp\/v2\/posts"}],"about":[{"href":"https:\/\/blog.polityka.pl\/adamczewski\/wp-json\/wp\/v2\/types\/post"}],"author":[{"embeddable":true,"href":"https:\/\/blog.polityka.pl\/adamczewski\/wp-json\/wp\/v2\/users\/2"}],"replies":[{"embeddable":true,"href":"https:\/\/blog.polityka.pl\/adamczewski\/wp-json\/wp\/v2\/comments?post=877"}],"version-history":[{"count":0,"href":"https:\/\/blog.polityka.pl\/adamczewski\/wp-json\/wp\/v2\/posts\/877\/revisions"}],"wp:attachment":[{"href":"https:\/\/blog.polityka.pl\/adamczewski\/wp-json\/wp\/v2\/media?parent=877"}],"wp:term":[{"taxonomy":"category","embeddable":true,"href":"https:\/\/blog.polityka.pl\/adamczewski\/wp-json\/wp\/v2\/categories?post=877"},{"taxonomy":"post_tag","embeddable":true,"href":"https:\/\/blog.polityka.pl\/adamczewski\/wp-json\/wp\/v2\/tags?post=877"}],"curies":[{"name":"wp","href":"https:\/\/api.w.org\/{rel}","templated":true}]}}