
{"id":8804,"date":"2008-01-11T15:58:00","date_gmt":"2008-01-11T15:58:00","guid":{"rendered":"http:\/\/adamczewscy.pl\/?p=823"},"modified":"2008-01-11T15:58:00","modified_gmt":"2008-01-11T15:58:00","slug":"watrobka-drobiowa-z-jablkami","status":"publish","type":"post","link":"https:\/\/blog.polityka.pl\/adamczewski\/2008\/01\/11\/watrobka-drobiowa-z-jablkami\/","title":{"rendered":"W\u0105tr\u00f3bka drobiowa z jab\u0142kami"},"content":{"rendered":"<p>( 4 porcje)<br \/>\n1\/2 kg kurzych w\u0105tr\u00f3bek, 3 cebule, 2 du\u017ce kwa\u015bne jab\u0142ka, 1\/2 kostki roso\u0142owej, olej, s\u00f3l, pieprz, ga\u0142ka muszkato\u0142owa.<br \/>\n1. Pokrojon\u0105 wzd\u0142u\u017c cebul\u0119 usma\u017cy\u0107 na oleju na z\u0142oto, po czym zdj\u0105\u0107 z patelni na talerz.<br \/>\n2. Na tej samej patelni szybko usma\u017cy\u0107 w\u0105tr\u00f3bk\u0119, po\u0142\u0105czy\u0107 z cebul\u0105, podla\u0107 1\/2 szklanki gor\u0105cej wody i doda\u0107 1\/2 kostki roso\u0142owej, pieprz i odrobin\u0119 ga\u0142ki muszkato\u0142owej, postawi\u0107 na ma\u0142ym ogniu.<br \/>\n3. Jab\u0142ka zetrze\u0107 na tarce jarzynowej z du\u017cymi otworami bezpo\u015brednio na patelni\u0119 z w\u0105tr\u00f3bk\u0105. Wszystko razem dusi\u0107 ok. 10 min., nie d\u0142u\u017cej, gdy\u017c w\u0105tr\u00f3bka b\u0119dzie twarda. Na ko\u0144cu posoli\u0107. Podawa\u0107 z zielon\u0105 sa\u0142at\u0105 i bu\u0142k\u0105.<\/p>\n","protected":false},"excerpt":{"rendered":"<p>( 4 porcje) 1\/2 kg kurzych w\u0105tr\u00f3bek, 3 cebule, 2 du\u017ce kwa\u015bne jab\u0142ka, 1\/2 kostki roso\u0142owej, olej, s\u00f3l, pieprz, ga\u0142ka muszkato\u0142owa. 1. Pokrojon\u0105 wzd\u0142u\u017c cebul\u0119 usma\u017cy\u0107 na oleju na z\u0142oto, po czym zdj\u0105\u0107 z patelni na talerz. 2. Na tej samej patelni szybko usma\u017cy\u0107 w\u0105tr\u00f3bk\u0119, po\u0142\u0105czy\u0107 z cebul\u0105, podla\u0107 1\/2 szklanki gor\u0105cej wody i doda\u0107 [&hellip;]<\/p>\n","protected":false},"author":2,"featured_media":0,"comment_status":"open","ping_status":"open","sticky":false,"template":"","format":"standard","meta":{"footnotes":""},"categories":[1],"tags":[],"_links":{"self":[{"href":"https:\/\/blog.polityka.pl\/adamczewski\/wp-json\/wp\/v2\/posts\/8804"}],"collection":[{"href":"https:\/\/blog.polityka.pl\/adamczewski\/wp-json\/wp\/v2\/posts"}],"about":[{"href":"https:\/\/blog.polityka.pl\/adamczewski\/wp-json\/wp\/v2\/types\/post"}],"author":[{"embeddable":true,"href":"https:\/\/blog.polityka.pl\/adamczewski\/wp-json\/wp\/v2\/users\/2"}],"replies":[{"embeddable":true,"href":"https:\/\/blog.polityka.pl\/adamczewski\/wp-json\/wp\/v2\/comments?post=8804"}],"version-history":[{"count":0,"href":"https:\/\/blog.polityka.pl\/adamczewski\/wp-json\/wp\/v2\/posts\/8804\/revisions"}],"wp:attachment":[{"href":"https:\/\/blog.polityka.pl\/adamczewski\/wp-json\/wp\/v2\/media?parent=8804"}],"wp:term":[{"taxonomy":"category","embeddable":true,"href":"https:\/\/blog.polityka.pl\/adamczewski\/wp-json\/wp\/v2\/categories?post=8804"},{"taxonomy":"post_tag","embeddable":true,"href":"https:\/\/blog.polityka.pl\/adamczewski\/wp-json\/wp\/v2\/tags?post=8804"}],"curies":[{"name":"wp","href":"https:\/\/api.w.org\/{rel}","templated":true}]}}