
{"id":8807,"date":"2008-01-11T15:58:00","date_gmt":"2008-01-11T15:58:00","guid":{"rendered":"http:\/\/adamczewscy.pl\/?p=826"},"modified":"2008-01-11T15:58:00","modified_gmt":"2008-01-11T15:58:00","slug":"miseczki-z-kielbasy-z-pieczarkami","status":"publish","type":"post","link":"https:\/\/blog.polityka.pl\/adamczewski\/2008\/01\/11\/miseczki-z-kielbasy-z-pieczarkami\/","title":{"rendered":"Miseczki z kie\u0142basy z pieczarkami"},"content":{"rendered":"<p>(10 porcji)<br \/>\n50 dag szerokiej kie\u0142basy (najlepiej szynkowej), 40 dag pieczarek, szklanka startego \u017c\u00f3\u0142tego sera, du\u017ca cebula, 3 \u0142y\u017cki oleju, s\u00f3l, pieprz,  \u0142y\u017cka mas\u0142a lub margaryny.<br \/>\n1. Kie\u0142bas\u0119 , koniecznie ze sk\u00f3r\u0105, pokroi\u0107 na plastry grubo\u015bci 1\/2 cm.<br \/>\n2. Ka\u017cdy plaster rzuca\u0107 na rozgrzany na patelni olej i z jednej strony sma\u017cy\u0107 do momentu, gdy kie\u0142basa wybrzuszy si\u0119 tworz\u0105c miseczk\u0119. Usma\u017cone miseczki przek\u0142ada\u0107 na \u017caroodporny p\u00f3\u0142misek.<br \/>\n3. Na tej samej patelni przyrumieni\u0107 na ma\u015ble lub margarynie drobno pokrojon\u0105 cebul\u0119 wraz z pokrojonymi w plasterki pieczarkami ,doda\u0107 s\u00f3l i pieprz.<br \/>\n4. Do ka\u017cdej miseczki na\u0142o\u017cy\u0107 po jednej \u0142y\u017cce usma\u017conych pieczarek i posypa\u0107 startym  \u017c\u00f3\u0142tym serem.<br \/>\n5. Zapieka\u0107 w piekarniku oko\u0142o 20 minut, do momentu rozpuszczenia si\u0119  sera.<br \/>\nPodawa\u0107 z zielon\u0105 sa\u0142at\u0105 i pieczywem.<\/p>\n","protected":false},"excerpt":{"rendered":"<p>(10 porcji) 50 dag szerokiej kie\u0142basy (najlepiej szynkowej), 40 dag pieczarek, szklanka startego \u017c\u00f3\u0142tego sera, du\u017ca cebula, 3 \u0142y\u017cki oleju, s\u00f3l, pieprz, \u0142y\u017cka mas\u0142a lub margaryny. 1. Kie\u0142bas\u0119 , koniecznie ze sk\u00f3r\u0105, pokroi\u0107 na plastry grubo\u015bci 1\/2 cm. 2. Ka\u017cdy plaster rzuca\u0107 na rozgrzany na patelni olej i z jednej strony sma\u017cy\u0107 do momentu, gdy [&hellip;]<\/p>\n","protected":false},"author":2,"featured_media":0,"comment_status":"open","ping_status":"open","sticky":false,"template":"","format":"standard","meta":{"footnotes":""},"categories":[1],"tags":[],"_links":{"self":[{"href":"https:\/\/blog.polityka.pl\/adamczewski\/wp-json\/wp\/v2\/posts\/8807"}],"collection":[{"href":"https:\/\/blog.polityka.pl\/adamczewski\/wp-json\/wp\/v2\/posts"}],"about":[{"href":"https:\/\/blog.polityka.pl\/adamczewski\/wp-json\/wp\/v2\/types\/post"}],"author":[{"embeddable":true,"href":"https:\/\/blog.polityka.pl\/adamczewski\/wp-json\/wp\/v2\/users\/2"}],"replies":[{"embeddable":true,"href":"https:\/\/blog.polityka.pl\/adamczewski\/wp-json\/wp\/v2\/comments?post=8807"}],"version-history":[{"count":0,"href":"https:\/\/blog.polityka.pl\/adamczewski\/wp-json\/wp\/v2\/posts\/8807\/revisions"}],"wp:attachment":[{"href":"https:\/\/blog.polityka.pl\/adamczewski\/wp-json\/wp\/v2\/media?parent=8807"}],"wp:term":[{"taxonomy":"category","embeddable":true,"href":"https:\/\/blog.polityka.pl\/adamczewski\/wp-json\/wp\/v2\/categories?post=8807"},{"taxonomy":"post_tag","embeddable":true,"href":"https:\/\/blog.polityka.pl\/adamczewski\/wp-json\/wp\/v2\/tags?post=8807"}],"curies":[{"name":"wp","href":"https:\/\/api.w.org\/{rel}","templated":true}]}}