
{"id":881,"date":"2009-04-28T06:00:27","date_gmt":"2009-04-28T04:00:27","guid":{"rendered":"http:\/\/adamczewski.blog.polityka.pl\/?p=881"},"modified":"2009-04-27T16:20:59","modified_gmt":"2009-04-27T14:20:59","slug":"kazda-okazja-dobra-do-swietowania","status":"publish","type":"post","link":"https:\/\/blog.polityka.pl\/adamczewski\/2009\/04\/28\/kazda-okazja-dobra-do-swietowania\/","title":{"rendered":"Ka\u017cda okazja dobra  do \u015bwi\u0119towania"},"content":{"rendered":"<p>Polacy lubi\u0105 \u015bwi\u0119ta. I to nie koniecznie religijne. Ka\u017cda okazja\u00a0&#8211; zdaniem rodak\u00f3w\u00a0&#8211; jest dobra do \u015bwi\u0119towania. Wiem to od dawna ale w spore zdumienie wprawi\u0142a mnie lista \u015bwi\u0105t, kt\u00f3re s\u0105 w naszym kraju organizowane, a do kt\u00f3rych okazj\u0105 s\u0105 r\u00f3\u017cne produkty, wyroby i dania.<\/p>\n<p>Ju\u017c za nami jest\u00a0 &#8222;Dzie\u0144 Pikantnych Potraw&#8221; . Ta\u00a0&#8211; jak twierdz\u0105 bywalcy wspania\u0142a impreza &#8211;\u00a0 mia\u0142a miejsce w styczniu.\u00a0 W lutym\u00a0 odby\u0142o si\u0119 r\u00f3wnie udane &#8222;\u015awi\u0119to Nale\u015bnika&#8221; . Ta impreza og\u0142oszona na pewno dzi\u0119ki wp\u0142ywom blogowego kolegi czyli Pana Lulka, kt\u00f3rego tajne macki si\u0119gaj\u0105 a\u017c nad Sekwan\u0119\u00a0&#8211; uroczysto\u015b\u0107 ta bowiem wywodzi si\u0119 z Francji.<\/p>\n<p>W marcu , co wszyscy wiedz\u0105, jest &#8222;\u015awi\u0119to piwa&#8221; czyli dzie\u0144 \u015bw. Partyka patrona Irlandii.<br \/>\nW kwietniu \u015bwi\u0119towano\u00a0 &#8222;Dzie\u0144 Czekolady&#8221; (12.04). Tyle \u015bwi\u0105t\u00a0 ju\u017c minionych, ale przed nami niema\u0142o kolejnych cudownych \u015bwi\u0105tecznych wydarze\u0144.<\/p>\n<p>W maju\u00a0&#8211; &#8222;Dzie\u0144 Mleka&#8221; i niemal r\u00f3wnolegle\u00a0&#8222;Dzie\u0144 Piwowara&#8221;.\u00a0 W czerwcu w Krakowie b\u0119dzie\u00a0 &#8222;\u015awi\u0119to chleba&#8221;. W Do\u0142hobyczowie &#8222;Dzie\u0144 Buraka Cukrowego&#8221; a w nadmorskim Niechorzu &#8222;\u015awi\u0119to \u015aledzia Ba\u0142tyckiego&#8221;.<\/p>\n<p>Mi\u0142o\u015bnicy naszych polskich owoc\u00f3w b\u0119d\u0105 te\u017c w czerwcu obchodzi\u0107\u00a0 &#8222;Og\u00f3lnopolskie Dni Truskawki&#8221;, kt\u00f3re \u015bwi\u0119towane b\u0119d\u0105 w\u00a0 Korycinie\u00a0 w Podlaskiem.<\/p>\n<p>Tak\u017ce lipiec i sierpie\u0144 to miesi\u0105ce dobre do \u015bwi\u0119towania. A\u017c trzy wydarzenia godne uczestnictwa b\u0119d\u0105 w\u00f3wczas mia\u0142y miejsce. W Ciechanowcu\u00a0&#8211; &#8222;\u015awi\u0119to chleba&#8221;, w Krakowie &#8211; &#8222;Festiwal Pierog\u00f3w&#8221; a w miejscu jeszcze przeze mnie bli\u017cej nie ustalonym ale nie mniej wa\u017cne wydarzenie\u00a0&#8211; &#8222;Dzie\u0144 Musztardy&#8221;.<br \/>\nWrzesie\u0144 obfituje w kulinarne \u015bwi\u0119ta:\u00a0 &#8222;\u015awi\u0119to Miodu i Wina&#8221; w Przemkowie, &#8222;\u015awi\u0119to Ziemniaka&#8221; w\u00a0 Mo\u0144kach,\u00a0 &#8222;\u015awi\u0119to Grzyb\u00f3w&#8221; w W\u0119gli\u0144cu\u00a0w dodatku\u00a0powi\u0105zane z Mistrzostwami Europy w zbieraniu grzyb\u00f3w i &#8222;\u015awi\u0119to Pieroga&#8221; (tylko jednego?!) w\u00a0 Gda\u0144sku. W tym samym miesi\u0105cu odb\u0119d\u0105 si\u0119 te\u017c &#8222;\u015awi\u0119ta S\u0142onecznika&#8221; (Pozna\u0144) oraz\u00a0 &#8222;Dzie\u0144 \u015aliwki&#8221; (Ma\u0142opolska).<\/p>\n<p>Pa\u017adziernik i listopad opuszczam, poniewa\u017c maj\u0105ce w\u00f3wczas miejsce wydarzenia kulinarne s\u0105 \u015bwi\u0119tami mi\u0119dzynarodowymi jak np. Beaujolais Nouveau czy Dzie\u0144 Wegetarianizmu. Natomiast w grudniu\u00a0 rok \u015bwi\u0105t zako\u0144czy (nie, nie Dzie\u0144 \u015awistaka) lecz Dzie\u0144 Ryby!<br \/>\nWarto \u017cy\u0107 w kraju mi\u0119dzy Odr\u0105 a Bugiem.<\/p>\n<p>\u00a0<\/p>\n<p>\u00a0<\/p>\n","protected":false},"excerpt":{"rendered":"<p>Polacy lubi\u0105 \u015bwi\u0119ta. I to nie koniecznie religijne. Ka\u017cda okazja\u00a0&#8211; zdaniem rodak\u00f3w\u00a0&#8211; jest dobra do \u015bwi\u0119towania. Wiem to od dawna ale w spore zdumienie wprawi\u0142a mnie lista \u015bwi\u0105t, kt\u00f3re s\u0105 w naszym kraju organizowane, a do kt\u00f3rych okazj\u0105 s\u0105 r\u00f3\u017cne produkty, wyroby i dania. Ju\u017c za nami jest\u00a0 &#8222;Dzie\u0144 Pikantnych Potraw&#8221; . Ta\u00a0&#8211; jak twierdz\u0105 [&hellip;]<\/p>\n","protected":false},"author":2,"featured_media":0,"comment_status":"open","ping_status":"open","sticky":false,"template":"","format":"standard","meta":{"footnotes":""},"categories":[1],"tags":[],"_links":{"self":[{"href":"https:\/\/blog.polityka.pl\/adamczewski\/wp-json\/wp\/v2\/posts\/881"}],"collection":[{"href":"https:\/\/blog.polityka.pl\/adamczewski\/wp-json\/wp\/v2\/posts"}],"about":[{"href":"https:\/\/blog.polityka.pl\/adamczewski\/wp-json\/wp\/v2\/types\/post"}],"author":[{"embeddable":true,"href":"https:\/\/blog.polityka.pl\/adamczewski\/wp-json\/wp\/v2\/users\/2"}],"replies":[{"embeddable":true,"href":"https:\/\/blog.polityka.pl\/adamczewski\/wp-json\/wp\/v2\/comments?post=881"}],"version-history":[{"count":0,"href":"https:\/\/blog.polityka.pl\/adamczewski\/wp-json\/wp\/v2\/posts\/881\/revisions"}],"wp:attachment":[{"href":"https:\/\/blog.polityka.pl\/adamczewski\/wp-json\/wp\/v2\/media?parent=881"}],"wp:term":[{"taxonomy":"category","embeddable":true,"href":"https:\/\/blog.polityka.pl\/adamczewski\/wp-json\/wp\/v2\/categories?post=881"},{"taxonomy":"post_tag","embeddable":true,"href":"https:\/\/blog.polityka.pl\/adamczewski\/wp-json\/wp\/v2\/tags?post=881"}],"curies":[{"name":"wp","href":"https:\/\/api.w.org\/{rel}","templated":true}]}}