
{"id":8821,"date":"2008-01-11T15:58:00","date_gmt":"2008-01-11T15:58:00","guid":{"rendered":"http:\/\/adamczewscy.pl\/?p=842"},"modified":"2008-01-11T15:58:00","modified_gmt":"2008-01-11T15:58:00","slug":"%c2%8cledzie-o-smaku-oryginalnym","status":"publish","type":"post","link":"https:\/\/blog.polityka.pl\/adamczewski\/2008\/01\/11\/%c2%8cledzie-o-smaku-oryginalnym\/","title":{"rendered":"\u008cledzie o smaku oryginalnym"},"content":{"rendered":"<p>(8 porcji)<br \/>\n4 \u015bledzie,  ma\u0142a cebula,  du\u017cy por, 1\/2 szklanki oliwy, 1\/2 cytryny, 3\/4 szklanki wina (mo\u017ce by\u0107 wytrawne bia\u0142e lub domowe, lekko s\u0142odkawe, w\u00f3wczas nie u\u017cyje si\u0119 cukru), 4 &#8211; 5 ziaren pieprzu, 3 ziarna ziela angielskiego, na czubek \u0142y\u017ceczki imbiru,  p\u0142aska \u0142y\u017cka cukru, je\u015bli wino jest wytrawne.<br \/>\n1. Sprawi\u0107 \u015bledzie jak w przepisie \u0084\u008cledzie w \u015bmietanie&#8221; i pokroi\u0107 na kawa\u0142ki.<br \/>\n2. Zagotowa\u0107 wino z korzeniami. Wystudzi\u0107 pod przykrywk\u0105.<br \/>\n3. Wystudzone wino wymiesza\u0107 z oliw\u0105 i sokiem z cytryny, je\u015bli wino by\u0142o wytrawne, doda\u0107 \u0142y\u017ck\u0119 cukru.<br \/>\n4. Cebul\u0119 drobno posieka\u0107, pory pokroi\u0107 w cienkie talarki.<br \/>\n5. Uk\u0142ada\u0107 w naczyniu przek\u0142adaj\u0105c warstw\u0119 \u015bledzi warstw\u0105 cebuli i krojonego pora, ca\u0142o\u015b\u0107 zala\u0107 winem z olejem i sokiem z cytryny. Zostawi\u0107 na  2 dni, ale naprawd\u0119 doskona\u0142e s\u0105 wtedy, kiedy postoj\u0105 w lod\u00f3wce, na najni\u017cszej p\u00f3\u0142ce, przez co najmniej 3 &#8211; 4 dni.<\/p>\n","protected":false},"excerpt":{"rendered":"<p>(8 porcji) 4 \u015bledzie, ma\u0142a cebula, du\u017cy por, 1\/2 szklanki oliwy, 1\/2 cytryny, 3\/4 szklanki wina (mo\u017ce by\u0107 wytrawne bia\u0142e lub domowe, lekko s\u0142odkawe, w\u00f3wczas nie u\u017cyje si\u0119 cukru), 4 &#8211; 5 ziaren pieprzu, 3 ziarna ziela angielskiego, na czubek \u0142y\u017ceczki imbiru, p\u0142aska \u0142y\u017cka cukru, je\u015bli wino jest wytrawne. 1. Sprawi\u0107 \u015bledzie jak w przepisie [&hellip;]<\/p>\n","protected":false},"author":2,"featured_media":0,"comment_status":"open","ping_status":"open","sticky":false,"template":"","format":"standard","meta":{"footnotes":""},"categories":[1],"tags":[],"_links":{"self":[{"href":"https:\/\/blog.polityka.pl\/adamczewski\/wp-json\/wp\/v2\/posts\/8821"}],"collection":[{"href":"https:\/\/blog.polityka.pl\/adamczewski\/wp-json\/wp\/v2\/posts"}],"about":[{"href":"https:\/\/blog.polityka.pl\/adamczewski\/wp-json\/wp\/v2\/types\/post"}],"author":[{"embeddable":true,"href":"https:\/\/blog.polityka.pl\/adamczewski\/wp-json\/wp\/v2\/users\/2"}],"replies":[{"embeddable":true,"href":"https:\/\/blog.polityka.pl\/adamczewski\/wp-json\/wp\/v2\/comments?post=8821"}],"version-history":[{"count":0,"href":"https:\/\/blog.polityka.pl\/adamczewski\/wp-json\/wp\/v2\/posts\/8821\/revisions"}],"wp:attachment":[{"href":"https:\/\/blog.polityka.pl\/adamczewski\/wp-json\/wp\/v2\/media?parent=8821"}],"wp:term":[{"taxonomy":"category","embeddable":true,"href":"https:\/\/blog.polityka.pl\/adamczewski\/wp-json\/wp\/v2\/categories?post=8821"},{"taxonomy":"post_tag","embeddable":true,"href":"https:\/\/blog.polityka.pl\/adamczewski\/wp-json\/wp\/v2\/tags?post=8821"}],"curies":[{"name":"wp","href":"https:\/\/api.w.org\/{rel}","templated":true}]}}