
{"id":8835,"date":"2008-01-11T15:58:00","date_gmt":"2008-01-11T15:58:00","guid":{"rendered":"http:\/\/adamczewscy.pl\/?p=856"},"modified":"2008-01-11T15:58:00","modified_gmt":"2008-01-11T15:58:00","slug":"sos-pieczeniowy","status":"publish","type":"post","link":"https:\/\/blog.polityka.pl\/adamczewski\/2008\/01\/11\/sos-pieczeniowy\/","title":{"rendered":"Sos pieczeniowy"},"content":{"rendered":"<p>4-5 \u0142y\u017cek sosu , jaki wytworzy\u0142 si\u0119  przy pieczeniu wieprzowiny lub ciel\u0119ciny, 1\/2 szklanki sosu sojowego,  \u0142y\u017ceczka przyprawy do zup.  \u0142y\u017cka soku cytrynowego, d\u017cem agrestowy lub inny kwa\u015bny do smaku,  \u0142y\u017cka m\u0105ki<br \/>\n1. Sos sojowy zmiesza\u0107 z m\u0105k\u0105, przypraw\u0105 do zup i sokiem cytrynowym, po czym wla\u0107 do rondla z sosem od pieczeni i gotowa\u0107 5 min na ma\u0142ym gazie.<br \/>\n2. Na ko\u0144cu doda\u0107 \u0142y\u017ck\u0119 d\u017cemu i dobrze rozprowadzi\u0107 w sosie. W\u0142o\u017cy\u0107 mi\u0119so zn\u00f3w do sosu nast\u0119pnie odstawi\u0107 z ognia, aby piecze\u0144 z sosem nie przypali\u0142a si\u0119.<br \/>\nSosem pola\u0107 pokrojone mi\u0119so ,reszt\u0119 poda\u0107 w sosjerce.<\/p>\n","protected":false},"excerpt":{"rendered":"<p>4-5 \u0142y\u017cek sosu , jaki wytworzy\u0142 si\u0119 przy pieczeniu wieprzowiny lub ciel\u0119ciny, 1\/2 szklanki sosu sojowego, \u0142y\u017ceczka przyprawy do zup. \u0142y\u017cka soku cytrynowego, d\u017cem agrestowy lub inny kwa\u015bny do smaku, \u0142y\u017cka m\u0105ki 1. Sos sojowy zmiesza\u0107 z m\u0105k\u0105, przypraw\u0105 do zup i sokiem cytrynowym, po czym wla\u0107 do rondla z sosem od pieczeni i gotowa\u0107 [&hellip;]<\/p>\n","protected":false},"author":2,"featured_media":0,"comment_status":"open","ping_status":"open","sticky":false,"template":"","format":"standard","meta":{"footnotes":""},"categories":[1],"tags":[],"_links":{"self":[{"href":"https:\/\/blog.polityka.pl\/adamczewski\/wp-json\/wp\/v2\/posts\/8835"}],"collection":[{"href":"https:\/\/blog.polityka.pl\/adamczewski\/wp-json\/wp\/v2\/posts"}],"about":[{"href":"https:\/\/blog.polityka.pl\/adamczewski\/wp-json\/wp\/v2\/types\/post"}],"author":[{"embeddable":true,"href":"https:\/\/blog.polityka.pl\/adamczewski\/wp-json\/wp\/v2\/users\/2"}],"replies":[{"embeddable":true,"href":"https:\/\/blog.polityka.pl\/adamczewski\/wp-json\/wp\/v2\/comments?post=8835"}],"version-history":[{"count":0,"href":"https:\/\/blog.polityka.pl\/adamczewski\/wp-json\/wp\/v2\/posts\/8835\/revisions"}],"wp:attachment":[{"href":"https:\/\/blog.polityka.pl\/adamczewski\/wp-json\/wp\/v2\/media?parent=8835"}],"wp:term":[{"taxonomy":"category","embeddable":true,"href":"https:\/\/blog.polityka.pl\/adamczewski\/wp-json\/wp\/v2\/categories?post=8835"},{"taxonomy":"post_tag","embeddable":true,"href":"https:\/\/blog.polityka.pl\/adamczewski\/wp-json\/wp\/v2\/tags?post=8835"}],"curies":[{"name":"wp","href":"https:\/\/api.w.org\/{rel}","templated":true}]}}