
{"id":8847,"date":"2008-01-11T15:58:00","date_gmt":"2008-01-11T15:58:00","guid":{"rendered":"http:\/\/adamczewscy.pl\/?p=868"},"modified":"2008-01-11T15:58:00","modified_gmt":"2008-01-11T15:58:00","slug":"bardzo-prosta-salatka-z-kapusty-2","status":"publish","type":"post","link":"https:\/\/blog.polityka.pl\/adamczewski\/2008\/01\/11\/bardzo-prosta-salatka-z-kapusty-2\/","title":{"rendered":"Bardzo prosta sa\u0142atka z kapusty"},"content":{"rendered":"<p>(4 porcje)<br \/>\n1\/2 g\u0142\u00f3wki cukrowej kapusty (wagi ok. 70 dag), 2 \u0142y\u017cki majonezu, 2 \u0142y\u017cki \u015bmietany, z\u0105bek czosnku, s\u00f3l, pieprz, szczypta cukru i soli.<br \/>\n1. Majonez, \u015bmietan\u0119, roztarty lub przeci\u015bni\u0119ty przez prask\u0119 czosnek, s\u00f3l, cukier, pieprz, wymiesza\u0107.<br \/>\n2. Pokraja\u0107 li\u015bcie surowej kapusty w kawa\u0142ki np. wielko\u015bci \u0142azanek.<br \/>\n3. Wymiesza\u0107 kapust\u0119 z przygotowanym sosem.<br \/>\nSur\u00f3wka ta &#8211; szybka, zdrowa i prosta, a zarazem bardzo smaczna &#8211; mo\u017ce by\u0107 przygotowana na par\u0119 minut przed obiadem.<\/p>\n","protected":false},"excerpt":{"rendered":"<p>(4 porcje) 1\/2 g\u0142\u00f3wki cukrowej kapusty (wagi ok. 70 dag), 2 \u0142y\u017cki majonezu, 2 \u0142y\u017cki \u015bmietany, z\u0105bek czosnku, s\u00f3l, pieprz, szczypta cukru i soli. 1. Majonez, \u015bmietan\u0119, roztarty lub przeci\u015bni\u0119ty przez prask\u0119 czosnek, s\u00f3l, cukier, pieprz, wymiesza\u0107. 2. Pokraja\u0107 li\u015bcie surowej kapusty w kawa\u0142ki np. wielko\u015bci \u0142azanek. 3. Wymiesza\u0107 kapust\u0119 z przygotowanym sosem. Sur\u00f3wka ta [&hellip;]<\/p>\n","protected":false},"author":2,"featured_media":0,"comment_status":"open","ping_status":"open","sticky":false,"template":"","format":"standard","meta":{"footnotes":""},"categories":[1],"tags":[],"_links":{"self":[{"href":"https:\/\/blog.polityka.pl\/adamczewski\/wp-json\/wp\/v2\/posts\/8847"}],"collection":[{"href":"https:\/\/blog.polityka.pl\/adamczewski\/wp-json\/wp\/v2\/posts"}],"about":[{"href":"https:\/\/blog.polityka.pl\/adamczewski\/wp-json\/wp\/v2\/types\/post"}],"author":[{"embeddable":true,"href":"https:\/\/blog.polityka.pl\/adamczewski\/wp-json\/wp\/v2\/users\/2"}],"replies":[{"embeddable":true,"href":"https:\/\/blog.polityka.pl\/adamczewski\/wp-json\/wp\/v2\/comments?post=8847"}],"version-history":[{"count":0,"href":"https:\/\/blog.polityka.pl\/adamczewski\/wp-json\/wp\/v2\/posts\/8847\/revisions"}],"wp:attachment":[{"href":"https:\/\/blog.polityka.pl\/adamczewski\/wp-json\/wp\/v2\/media?parent=8847"}],"wp:term":[{"taxonomy":"category","embeddable":true,"href":"https:\/\/blog.polityka.pl\/adamczewski\/wp-json\/wp\/v2\/categories?post=8847"},{"taxonomy":"post_tag","embeddable":true,"href":"https:\/\/blog.polityka.pl\/adamczewski\/wp-json\/wp\/v2\/tags?post=8847"}],"curies":[{"name":"wp","href":"https:\/\/api.w.org\/{rel}","templated":true}]}}