
{"id":8848,"date":"2008-01-11T15:58:00","date_gmt":"2008-01-11T15:58:00","guid":{"rendered":"http:\/\/adamczewscy.pl\/?p=869"},"modified":"2008-01-11T15:58:00","modified_gmt":"2008-01-11T15:58:00","slug":"salatka-orze%c2%9fwiajaca","status":"publish","type":"post","link":"https:\/\/blog.polityka.pl\/adamczewski\/2008\/01\/11\/salatka-orze%c2%9fwiajaca\/","title":{"rendered":"Sa\u0142atka orze\u009fwiaj\u0105ca"},"content":{"rendered":"<p>(4 porcje)<br \/>\n1\/2 g\u0142\u00f3wki kapusty (ok. 70 dag) o cienkich li\u015bciach (najlepsza jest g\u0142\u00f3wka lekko sp\u0142aszczona), 3 \u0142y\u017cki oliwy lub oleju, 2  \u0142y\u017cki soku cytrynowego, s\u00f3l, pieprz,  \u0142y\u017cka siekanej natki pietruszki.<br \/>\n1. Jak najcieniej uszatkowa\u0107 kapust\u0119. Najlepiej szatkuje si\u0119 dobrze wyostrzonym no\u017cykiem-\u0142opatk\u0105 do krajania sera.<br \/>\n2. Wymiesza\u0107 kapust\u0119 z olejem, sokiem cytrynowym, sol\u0105 ,pieprzem i pietruszk\u0105.<br \/>\n3. Zostawi\u0107 na 2 godz. w lod\u00f3wce. Sur\u00f3wka ta powinna by\u0107 do\u015b\u0107 kwa\u015bna, ma bowiem by\u0107, jak wynika z nazwy, orze\u009fwiaj\u0105ca.<\/p>\n","protected":false},"excerpt":{"rendered":"<p>(4 porcje) 1\/2 g\u0142\u00f3wki kapusty (ok. 70 dag) o cienkich li\u015bciach (najlepsza jest g\u0142\u00f3wka lekko sp\u0142aszczona), 3 \u0142y\u017cki oliwy lub oleju, 2 \u0142y\u017cki soku cytrynowego, s\u00f3l, pieprz, \u0142y\u017cka siekanej natki pietruszki. 1. Jak najcieniej uszatkowa\u0107 kapust\u0119. Najlepiej szatkuje si\u0119 dobrze wyostrzonym no\u017cykiem-\u0142opatk\u0105 do krajania sera. 2. Wymiesza\u0107 kapust\u0119 z olejem, sokiem cytrynowym, sol\u0105 ,pieprzem i [&hellip;]<\/p>\n","protected":false},"author":2,"featured_media":0,"comment_status":"open","ping_status":"open","sticky":false,"template":"","format":"standard","meta":{"footnotes":""},"categories":[1],"tags":[],"_links":{"self":[{"href":"https:\/\/blog.polityka.pl\/adamczewski\/wp-json\/wp\/v2\/posts\/8848"}],"collection":[{"href":"https:\/\/blog.polityka.pl\/adamczewski\/wp-json\/wp\/v2\/posts"}],"about":[{"href":"https:\/\/blog.polityka.pl\/adamczewski\/wp-json\/wp\/v2\/types\/post"}],"author":[{"embeddable":true,"href":"https:\/\/blog.polityka.pl\/adamczewski\/wp-json\/wp\/v2\/users\/2"}],"replies":[{"embeddable":true,"href":"https:\/\/blog.polityka.pl\/adamczewski\/wp-json\/wp\/v2\/comments?post=8848"}],"version-history":[{"count":0,"href":"https:\/\/blog.polityka.pl\/adamczewski\/wp-json\/wp\/v2\/posts\/8848\/revisions"}],"wp:attachment":[{"href":"https:\/\/blog.polityka.pl\/adamczewski\/wp-json\/wp\/v2\/media?parent=8848"}],"wp:term":[{"taxonomy":"category","embeddable":true,"href":"https:\/\/blog.polityka.pl\/adamczewski\/wp-json\/wp\/v2\/categories?post=8848"},{"taxonomy":"post_tag","embeddable":true,"href":"https:\/\/blog.polityka.pl\/adamczewski\/wp-json\/wp\/v2\/tags?post=8848"}],"curies":[{"name":"wp","href":"https:\/\/api.w.org\/{rel}","templated":true}]}}