
{"id":885,"date":"2009-05-06T08:00:40","date_gmt":"2009-05-06T06:00:40","guid":{"rendered":"http:\/\/adamczewski.blog.polityka.pl\/?p=885"},"modified":"2009-05-06T08:02:43","modified_gmt":"2009-05-06T06:02:43","slug":"zgadnij-co-gotujemy132","status":"publish","type":"post","link":"https:\/\/blog.polityka.pl\/adamczewski\/2009\/05\/06\/zgadnij-co-gotujemy132\/","title":{"rendered":"Zgadnij co gotujemy?(132)"},"content":{"rendered":"<p>Wiosna lud\u00f3w trwa. Ruch na szosach jak diabli. Warto zaplanowa\u0107 jak\u0105\u015b ciekawa wycieczk\u0119. Aby Wam to u\u0142atwi\u0107 dzi\u015b nagrod\u0105 quizie s\u0105 mapy i przewodniki. Mapy Ukrainy, Litwy, \u0141otwy i Estonii\u00a0&#8211; wydane przez &#8222;Polityk\u0119&#8221; z zaznaczeniem ciekawym miejsc wartych zwiedzenia oraz przewodniki z podpowiedziami gdzie i co mo\u017cna tam zje\u015b\u0107. Wi\u0119c i pytania musz\u0105 by\u0107 w tym podr\u00f3\u017cniczym stylu.<\/p>\n<p>1- Jak si\u0119 nazywa najs\u0142ynniejsza litewska nalewka i sk\u0105d taka nazwa ?<\/p>\n<p>2- Ukrai\u0144cy te\u017c lubi\u0105 pierogi tyle tylko, \u017ce nosz\u0105 one tam inna nazw\u0119, jak\u0105?<\/p>\n<p>3- W kt\u00f3rym kraju przysmakiem jest sernik z kminkiem i sol\u0105?<\/p>\n<p>Tyle pyta\u0144\u00a0a za prawid\u0142owe odpowiedzi wielocz\u0119\u015bciowa nagroda. Kto szybciej prze\u015ble\u00a0dobre rozwi\u0105zanie na adres <a href=\"mailto:internet@polityka.com.pl\">internet@polityka.com.pl<\/a>\u00a0 ten otrzyma plik map oraz przewodnik\u00f3w. Czekam!<\/p>\n<p>\u00a0<\/p>\n","protected":false},"excerpt":{"rendered":"<p>Wiosna lud\u00f3w trwa. Ruch na szosach jak diabli. Warto zaplanowa\u0107 jak\u0105\u015b ciekawa wycieczk\u0119. Aby Wam to u\u0142atwi\u0107 dzi\u015b nagrod\u0105 quizie s\u0105 mapy i przewodniki. Mapy Ukrainy, Litwy, \u0141otwy i Estonii\u00a0&#8211; wydane przez &#8222;Polityk\u0119&#8221; z zaznaczeniem ciekawym miejsc wartych zwiedzenia oraz przewodniki z podpowiedziami gdzie i co mo\u017cna tam zje\u015b\u0107. Wi\u0119c i pytania musz\u0105 by\u0107 w [&hellip;]<\/p>\n","protected":false},"author":2,"featured_media":0,"comment_status":"open","ping_status":"open","sticky":false,"template":"","format":"standard","meta":{"footnotes":""},"categories":[1],"tags":[],"_links":{"self":[{"href":"https:\/\/blog.polityka.pl\/adamczewski\/wp-json\/wp\/v2\/posts\/885"}],"collection":[{"href":"https:\/\/blog.polityka.pl\/adamczewski\/wp-json\/wp\/v2\/posts"}],"about":[{"href":"https:\/\/blog.polityka.pl\/adamczewski\/wp-json\/wp\/v2\/types\/post"}],"author":[{"embeddable":true,"href":"https:\/\/blog.polityka.pl\/adamczewski\/wp-json\/wp\/v2\/users\/2"}],"replies":[{"embeddable":true,"href":"https:\/\/blog.polityka.pl\/adamczewski\/wp-json\/wp\/v2\/comments?post=885"}],"version-history":[{"count":0,"href":"https:\/\/blog.polityka.pl\/adamczewski\/wp-json\/wp\/v2\/posts\/885\/revisions"}],"wp:attachment":[{"href":"https:\/\/blog.polityka.pl\/adamczewski\/wp-json\/wp\/v2\/media?parent=885"}],"wp:term":[{"taxonomy":"category","embeddable":true,"href":"https:\/\/blog.polityka.pl\/adamczewski\/wp-json\/wp\/v2\/categories?post=885"},{"taxonomy":"post_tag","embeddable":true,"href":"https:\/\/blog.polityka.pl\/adamczewski\/wp-json\/wp\/v2\/tags?post=885"}],"curies":[{"name":"wp","href":"https:\/\/api.w.org\/{rel}","templated":true}]}}