
{"id":8852,"date":"2008-01-11T15:58:00","date_gmt":"2008-01-11T15:58:00","guid":{"rendered":"http:\/\/adamczewscy.pl\/?p=873"},"modified":"2008-01-11T15:58:00","modified_gmt":"2008-01-11T15:58:00","slug":"doskonala-salatka-ziemniaczana-i","status":"publish","type":"post","link":"https:\/\/blog.polityka.pl\/adamczewski\/2008\/01\/11\/doskonala-salatka-ziemniaczana-i\/","title":{"rendered":"Doskona\u0142a sa\u0142atka ziemniaczana I"},"content":{"rendered":"<p>(4 porcje)<br \/>\n8 \u015bredniej wielko\u015bci ziemniak\u00f3w, 3 \u0142y\u017cki dobrego majonezu, 2 du\u017ce z\u0105bki czosnku, s\u00f3l, pieprz, 1\/2 p\u0119czka szczypiorku, 1\/2 p\u0119czka koperku, 3 &#8211; 4 ga\u0142\u0105zki natki pietruszki ,mo\u017cna doda\u0107 male\u0144k\u0105 szczypt\u0119  zi\u00f3\u0142 prowansalskich albo bazylii.<\/p>\n<p>1. Umyte ziemniaki ugotowa\u0107 w sk\u00f3rce, ostudzi\u0107, obra\u0107 i pokraja\u0107 w kostk\u0119, jak na jarzynow\u0105 sa\u0142atk\u0119.<br \/>\n2. Zieleniny posieka\u0107 jak najdrobniej.<br \/>\n3. Obrany czosnek posieka\u0107 lub utrze\u0107 z sol\u0105, a najlepiej przecisn\u0105\u0107 przez prask\u0119 i wymiesza\u0107 z pokrajanymi ziemniakami.<br \/>\n4. Doda\u0107 wszystkie pozosta\u0142e sk\u0142adniki, wymiesza\u0107 dok\u0142adnie, ale do\u015b\u0107 ostro\u017cnie, aby nie pokruszy\u0107 ziemniaczanych kosteczek. Doprawi\u0107 do smaku. Pozostawi\u0107 na 2 &#8211; 3 godz. Sa\u0142atka ta jest prosta, a naprawd\u0119 doskona\u0142a, najlepiej podawa\u0107 j\u0105 jako przystawk\u0119, u\u0142o\u017con\u0105 na li\u015bciach sa\u0142aty, przybran\u0105 pomidorem.<\/p>\n","protected":false},"excerpt":{"rendered":"<p>(4 porcje) 8 \u015bredniej wielko\u015bci ziemniak\u00f3w, 3 \u0142y\u017cki dobrego majonezu, 2 du\u017ce z\u0105bki czosnku, s\u00f3l, pieprz, 1\/2 p\u0119czka szczypiorku, 1\/2 p\u0119czka koperku, 3 &#8211; 4 ga\u0142\u0105zki natki pietruszki ,mo\u017cna doda\u0107 male\u0144k\u0105 szczypt\u0119 zi\u00f3\u0142 prowansalskich albo bazylii. 1. Umyte ziemniaki ugotowa\u0107 w sk\u00f3rce, ostudzi\u0107, obra\u0107 i pokraja\u0107 w kostk\u0119, jak na jarzynow\u0105 sa\u0142atk\u0119. 2. Zieleniny posieka\u0107 [&hellip;]<\/p>\n","protected":false},"author":2,"featured_media":0,"comment_status":"open","ping_status":"open","sticky":false,"template":"","format":"standard","meta":{"footnotes":""},"categories":[1],"tags":[],"_links":{"self":[{"href":"https:\/\/blog.polityka.pl\/adamczewski\/wp-json\/wp\/v2\/posts\/8852"}],"collection":[{"href":"https:\/\/blog.polityka.pl\/adamczewski\/wp-json\/wp\/v2\/posts"}],"about":[{"href":"https:\/\/blog.polityka.pl\/adamczewski\/wp-json\/wp\/v2\/types\/post"}],"author":[{"embeddable":true,"href":"https:\/\/blog.polityka.pl\/adamczewski\/wp-json\/wp\/v2\/users\/2"}],"replies":[{"embeddable":true,"href":"https:\/\/blog.polityka.pl\/adamczewski\/wp-json\/wp\/v2\/comments?post=8852"}],"version-history":[{"count":0,"href":"https:\/\/blog.polityka.pl\/adamczewski\/wp-json\/wp\/v2\/posts\/8852\/revisions"}],"wp:attachment":[{"href":"https:\/\/blog.polityka.pl\/adamczewski\/wp-json\/wp\/v2\/media?parent=8852"}],"wp:term":[{"taxonomy":"category","embeddable":true,"href":"https:\/\/blog.polityka.pl\/adamczewski\/wp-json\/wp\/v2\/categories?post=8852"},{"taxonomy":"post_tag","embeddable":true,"href":"https:\/\/blog.polityka.pl\/adamczewski\/wp-json\/wp\/v2\/tags?post=8852"}],"curies":[{"name":"wp","href":"https:\/\/api.w.org\/{rel}","templated":true}]}}