
{"id":8855,"date":"2008-01-11T15:58:00","date_gmt":"2008-01-11T15:58:00","guid":{"rendered":"http:\/\/adamczewscy.pl\/?p=876"},"modified":"2008-01-11T15:58:00","modified_gmt":"2008-01-11T15:58:00","slug":"cykoria-z-jablkiem-na-slodko","status":"publish","type":"post","link":"https:\/\/blog.polityka.pl\/adamczewski\/2008\/01\/11\/cykoria-z-jablkiem-na-slodko\/","title":{"rendered":"Cykoria z jab\u0142kiem na s\u0142odko"},"content":{"rendered":"<p>(4 porcje)<br \/>\n2 cykorie, s\u0142odkie jab\u0142ko, 2 \u0142y\u017cki \u015bmietany, \u0142y\u017cka majonezu, szczypta soli, \u0142y\u017ceczka  cukru, odrobina pieprzu,  kilka posiekanych na drobniejsze kawa\u0142ki w\u0142oskich orzech\u00f3w.<br \/>\n1. Cykori\u0119 przygotowa\u0107, jak w poprzednim przepisie.<br \/>\n2. Przygotowa\u0107 sos ze \u015bmietany, majonezu, cukru, pieprzu i soli.<br \/>\n3. Obra\u0107 umyte jab\u0142ko (je\u015bli kto\u015b lubi, mo\u017cna nie obiera\u0107), poszatkowa\u0107 na jak najcie\u0144sze paseczki. Raczej nie nale\u017cy trze\u0107 na tarce, gdy\u017c \u0142atwo br\u0105zowieje  a przy tym  jest zbyt mocno rozdrobnione , a w sa\u0142atce kawa\u0142eczki jab\u0142ka powinny pozosta\u0107 do\u015b\u0107 widoczne i powinno si\u0119 je wyczuwa\u0107.<br \/>\n4. Szybko wymiesza\u0107 cykori\u0119 z sosem i jab\u0142kiem. Po 1\/2 godzinie podawa\u0107. Ta sur\u00f3wka doskonale smakuje  z  drobiem i rybami.<\/p>\n","protected":false},"excerpt":{"rendered":"<p>(4 porcje) 2 cykorie, s\u0142odkie jab\u0142ko, 2 \u0142y\u017cki \u015bmietany, \u0142y\u017cka majonezu, szczypta soli, \u0142y\u017ceczka cukru, odrobina pieprzu, kilka posiekanych na drobniejsze kawa\u0142ki w\u0142oskich orzech\u00f3w. 1. Cykori\u0119 przygotowa\u0107, jak w poprzednim przepisie. 2. Przygotowa\u0107 sos ze \u015bmietany, majonezu, cukru, pieprzu i soli. 3. Obra\u0107 umyte jab\u0142ko (je\u015bli kto\u015b lubi, mo\u017cna nie obiera\u0107), poszatkowa\u0107 na jak najcie\u0144sze [&hellip;]<\/p>\n","protected":false},"author":2,"featured_media":0,"comment_status":"open","ping_status":"open","sticky":false,"template":"","format":"standard","meta":{"footnotes":""},"categories":[1],"tags":[],"_links":{"self":[{"href":"https:\/\/blog.polityka.pl\/adamczewski\/wp-json\/wp\/v2\/posts\/8855"}],"collection":[{"href":"https:\/\/blog.polityka.pl\/adamczewski\/wp-json\/wp\/v2\/posts"}],"about":[{"href":"https:\/\/blog.polityka.pl\/adamczewski\/wp-json\/wp\/v2\/types\/post"}],"author":[{"embeddable":true,"href":"https:\/\/blog.polityka.pl\/adamczewski\/wp-json\/wp\/v2\/users\/2"}],"replies":[{"embeddable":true,"href":"https:\/\/blog.polityka.pl\/adamczewski\/wp-json\/wp\/v2\/comments?post=8855"}],"version-history":[{"count":0,"href":"https:\/\/blog.polityka.pl\/adamczewski\/wp-json\/wp\/v2\/posts\/8855\/revisions"}],"wp:attachment":[{"href":"https:\/\/blog.polityka.pl\/adamczewski\/wp-json\/wp\/v2\/media?parent=8855"}],"wp:term":[{"taxonomy":"category","embeddable":true,"href":"https:\/\/blog.polityka.pl\/adamczewski\/wp-json\/wp\/v2\/categories?post=8855"},{"taxonomy":"post_tag","embeddable":true,"href":"https:\/\/blog.polityka.pl\/adamczewski\/wp-json\/wp\/v2\/tags?post=8855"}],"curies":[{"name":"wp","href":"https:\/\/api.w.org\/{rel}","templated":true}]}}