
{"id":8856,"date":"2008-01-11T15:58:00","date_gmt":"2008-01-11T15:58:00","guid":{"rendered":"http:\/\/adamczewscy.pl\/?p=877"},"modified":"2008-01-11T15:58:00","modified_gmt":"2008-01-11T15:58:00","slug":"salatka-egzotyczna","status":"publish","type":"post","link":"https:\/\/blog.polityka.pl\/adamczewski\/2008\/01\/11\/salatka-egzotyczna\/","title":{"rendered":"Sa\u0142atka egzotyczna"},"content":{"rendered":"<p>(4 porcje)<br \/>\n2 cykorie,  pomara\u0144cza, z\u0105bek czosnku,  \u0142y\u017cka rodzynek, 2 \u0142y\u017cki octu winnego czy balsamicznego lub soku cytrynowego, 4 \u0142y\u017cki oliwy lub oleju, szczypta soli, cukru i pieprzu, 1\/2 \u0142y\u017ceczki dobrej \u0142agodnej musztardy.<br \/>\n1. Przygotowa\u0107 sos z oleju lub oliwy, octu lub soku cytrynowego, musztardy, pieprzu, soli, cukru i czosnku.<br \/>\n2. Umy\u0107 cykori\u0119, podzieli\u0107 j\u0105 na listki, pokroi\u0107 na kawa\u0142ki, wymiesza\u0107 z sosem.<br \/>\n3. Obra\u0107 pomara\u0144cz\u0119, pokraja\u0107 j\u0105 na plasterki i ka\u017cdy plasterek podzieli\u0107 na \u0107wiartki. Wymiesza\u0107 z cykori\u0105.<br \/>\n4. Umy\u0107 dok\u0142adnie w ciep\u0142ej wodzie rodzynki, doda\u0107 do sa\u0142atki i wymiesza\u0107. Przez chwil\u0119 ozi\u0119bi\u0107. Tak przyrz\u0105dzona cykoria jest doskona\u0142ym dodatkiem do drobiu, ryb, pieczeni ciel\u0119cej.<\/p>\n","protected":false},"excerpt":{"rendered":"<p>(4 porcje) 2 cykorie, pomara\u0144cza, z\u0105bek czosnku, \u0142y\u017cka rodzynek, 2 \u0142y\u017cki octu winnego czy balsamicznego lub soku cytrynowego, 4 \u0142y\u017cki oliwy lub oleju, szczypta soli, cukru i pieprzu, 1\/2 \u0142y\u017ceczki dobrej \u0142agodnej musztardy. 1. Przygotowa\u0107 sos z oleju lub oliwy, octu lub soku cytrynowego, musztardy, pieprzu, soli, cukru i czosnku. 2. Umy\u0107 cykori\u0119, podzieli\u0107 j\u0105 [&hellip;]<\/p>\n","protected":false},"author":2,"featured_media":0,"comment_status":"open","ping_status":"open","sticky":false,"template":"","format":"standard","meta":{"footnotes":""},"categories":[1],"tags":[],"_links":{"self":[{"href":"https:\/\/blog.polityka.pl\/adamczewski\/wp-json\/wp\/v2\/posts\/8856"}],"collection":[{"href":"https:\/\/blog.polityka.pl\/adamczewski\/wp-json\/wp\/v2\/posts"}],"about":[{"href":"https:\/\/blog.polityka.pl\/adamczewski\/wp-json\/wp\/v2\/types\/post"}],"author":[{"embeddable":true,"href":"https:\/\/blog.polityka.pl\/adamczewski\/wp-json\/wp\/v2\/users\/2"}],"replies":[{"embeddable":true,"href":"https:\/\/blog.polityka.pl\/adamczewski\/wp-json\/wp\/v2\/comments?post=8856"}],"version-history":[{"count":0,"href":"https:\/\/blog.polityka.pl\/adamczewski\/wp-json\/wp\/v2\/posts\/8856\/revisions"}],"wp:attachment":[{"href":"https:\/\/blog.polityka.pl\/adamczewski\/wp-json\/wp\/v2\/media?parent=8856"}],"wp:term":[{"taxonomy":"category","embeddable":true,"href":"https:\/\/blog.polityka.pl\/adamczewski\/wp-json\/wp\/v2\/categories?post=8856"},{"taxonomy":"post_tag","embeddable":true,"href":"https:\/\/blog.polityka.pl\/adamczewski\/wp-json\/wp\/v2\/tags?post=8856"}],"curies":[{"name":"wp","href":"https:\/\/api.w.org\/{rel}","templated":true}]}}