
{"id":8866,"date":"2008-01-11T15:58:00","date_gmt":"2008-01-11T15:58:00","guid":{"rendered":"http:\/\/adamczewscy.pl\/?p=887"},"modified":"2008-01-11T15:58:00","modified_gmt":"2008-01-11T15:58:00","slug":"pory-wedlug-przepisu-renaty","status":"publish","type":"post","link":"https:\/\/blog.polityka.pl\/adamczewski\/2008\/01\/11\/pory-wedlug-przepisu-renaty\/","title":{"rendered":"Pory wed\u0142ug przepisu Renaty"},"content":{"rendered":"<p>(4 porcje)<br \/>\n8 por\u00f3w), 3 du\u017ce cebule, szklanka startego ostrego sera \u017c\u00f3\u0142tego, s\u00f3l, mas\u0142o.<br \/>\n1. Pory obra\u0107 z zewn\u0119trznych li\u015bci i odci\u0105\u0107 cz\u0119\u015bci zielone, dok\u0142adnie umy\u0107.<br \/>\n2. W\u0142o\u017cy\u0107 do posolonego wrz\u0105tku i gotowa\u0107 5 &#8211; 7 min.<br \/>\n3. W rondelku zrumieni\u0107 w ma\u015ble na z\u0142oto pokrojon\u0105 w kostk\u0119 cebul\u0119.<br \/>\n4. \u017baroodporny p\u00f3\u0142misek posmarowa\u0107 mas\u0142em, u\u0142o\u017cy\u0107 w nim pory, na nich zrumienion\u0105 cebul\u0119 i posypa\u0107 serem.<br \/>\n5. Zapieka\u0107 ok. 20 min. w gor\u0105cym piekarniku, do momentu roztopienia si\u0119 sera.<\/p>\n","protected":false},"excerpt":{"rendered":"<p>(4 porcje) 8 por\u00f3w), 3 du\u017ce cebule, szklanka startego ostrego sera \u017c\u00f3\u0142tego, s\u00f3l, mas\u0142o. 1. Pory obra\u0107 z zewn\u0119trznych li\u015bci i odci\u0105\u0107 cz\u0119\u015bci zielone, dok\u0142adnie umy\u0107. 2. W\u0142o\u017cy\u0107 do posolonego wrz\u0105tku i gotowa\u0107 5 &#8211; 7 min. 3. W rondelku zrumieni\u0107 w ma\u015ble na z\u0142oto pokrojon\u0105 w kostk\u0119 cebul\u0119. 4. \u017baroodporny p\u00f3\u0142misek posmarowa\u0107 mas\u0142em, u\u0142o\u017cy\u0107 [&hellip;]<\/p>\n","protected":false},"author":2,"featured_media":0,"comment_status":"open","ping_status":"open","sticky":false,"template":"","format":"standard","meta":{"footnotes":""},"categories":[1],"tags":[],"_links":{"self":[{"href":"https:\/\/blog.polityka.pl\/adamczewski\/wp-json\/wp\/v2\/posts\/8866"}],"collection":[{"href":"https:\/\/blog.polityka.pl\/adamczewski\/wp-json\/wp\/v2\/posts"}],"about":[{"href":"https:\/\/blog.polityka.pl\/adamczewski\/wp-json\/wp\/v2\/types\/post"}],"author":[{"embeddable":true,"href":"https:\/\/blog.polityka.pl\/adamczewski\/wp-json\/wp\/v2\/users\/2"}],"replies":[{"embeddable":true,"href":"https:\/\/blog.polityka.pl\/adamczewski\/wp-json\/wp\/v2\/comments?post=8866"}],"version-history":[{"count":0,"href":"https:\/\/blog.polityka.pl\/adamczewski\/wp-json\/wp\/v2\/posts\/8866\/revisions"}],"wp:attachment":[{"href":"https:\/\/blog.polityka.pl\/adamczewski\/wp-json\/wp\/v2\/media?parent=8866"}],"wp:term":[{"taxonomy":"category","embeddable":true,"href":"https:\/\/blog.polityka.pl\/adamczewski\/wp-json\/wp\/v2\/categories?post=8866"},{"taxonomy":"post_tag","embeddable":true,"href":"https:\/\/blog.polityka.pl\/adamczewski\/wp-json\/wp\/v2\/tags?post=8866"}],"curies":[{"name":"wp","href":"https:\/\/api.w.org\/{rel}","templated":true}]}}