
{"id":8890,"date":"2008-01-11T15:58:00","date_gmt":"2008-01-11T15:58:00","guid":{"rendered":"http:\/\/adamczewscy.pl\/?p=911"},"modified":"2008-01-11T15:58:00","modified_gmt":"2008-01-11T15:58:00","slug":"farsz-z-bialej-slodkiej-kapusty","status":"publish","type":"post","link":"https:\/\/blog.polityka.pl\/adamczewski\/2008\/01\/11\/farsz-z-bialej-slodkiej-kapusty\/","title":{"rendered":"Farsz z bia\u0142ej s\u0142odkiej kapusty"},"content":{"rendered":"<p>( na 10 porcji)<br \/>\n1 ma\u0142a lub 1\/2 wi\u0119kszej g\u0142\u00f3wki kapusty,  du\u017ca cebula, s\u00f3l, pieprz, 1\/2 szklanki oleju.<br \/>\n1. Umyt\u0105 kapust\u0119 pokroi\u0107 na \u0107wiartki, w\u0142o\u017cy\u0107 do garnka z osolonym wrz\u0105tkiem. Gotowa\u0107 ok. 1\/2 godz., pr\u00f3buj\u0105c widelcem, czy kapusta jest dosy\u0107 mi\u0119kka.<br \/>\n2. Wyj\u0119te z wody \u0107wiartki kapusty ostudzi\u0107, wycisn\u0105\u0107 w r\u0119kach reszt\u0119 wody.<br \/>\n3. Zemle\u0107 kapust\u0119 i odcisn\u0105\u0107 w czystej \u015bciereczce lub odparowa\u0107 na patelni.<br \/>\n4. Zrumieni\u0107  na oleju  drobno posiekan\u0105 cebul\u0119. W\u0142o\u017cy\u0107 do niej dobrze wyci\u015bni\u0119t\u0105 kapust\u0119 i sma\u017cy\u0107 ok.10 min. mieszaj\u0105c. Doda\u0107 s\u00f3l i pieprz do smaku. Z takim w\u0142a\u015bnie farszem ze s\u0142odkiej kapusty, z dodatkiem drobno siekanego jajka na twardo, w s\u0142odkawym cie\u015bcie dro\u017cd\u017cowym pieczono do ko\u0144ca ubieg\u0142ego wieku w warszawskim zamo\u017cnym domu wielkanocne paszteciki, kt\u00f3re jadano do mi\u0119s zamiast chleba.<\/p>\n","protected":false},"excerpt":{"rendered":"<p>( na 10 porcji) 1 ma\u0142a lub 1\/2 wi\u0119kszej g\u0142\u00f3wki kapusty, du\u017ca cebula, s\u00f3l, pieprz, 1\/2 szklanki oleju. 1. Umyt\u0105 kapust\u0119 pokroi\u0107 na \u0107wiartki, w\u0142o\u017cy\u0107 do garnka z osolonym wrz\u0105tkiem. Gotowa\u0107 ok. 1\/2 godz., pr\u00f3buj\u0105c widelcem, czy kapusta jest dosy\u0107 mi\u0119kka. 2. Wyj\u0119te z wody \u0107wiartki kapusty ostudzi\u0107, wycisn\u0105\u0107 w r\u0119kach reszt\u0119 wody. 3. Zemle\u0107 [&hellip;]<\/p>\n","protected":false},"author":2,"featured_media":0,"comment_status":"open","ping_status":"open","sticky":false,"template":"","format":"standard","meta":{"footnotes":""},"categories":[1],"tags":[],"_links":{"self":[{"href":"https:\/\/blog.polityka.pl\/adamczewski\/wp-json\/wp\/v2\/posts\/8890"}],"collection":[{"href":"https:\/\/blog.polityka.pl\/adamczewski\/wp-json\/wp\/v2\/posts"}],"about":[{"href":"https:\/\/blog.polityka.pl\/adamczewski\/wp-json\/wp\/v2\/types\/post"}],"author":[{"embeddable":true,"href":"https:\/\/blog.polityka.pl\/adamczewski\/wp-json\/wp\/v2\/users\/2"}],"replies":[{"embeddable":true,"href":"https:\/\/blog.polityka.pl\/adamczewski\/wp-json\/wp\/v2\/comments?post=8890"}],"version-history":[{"count":0,"href":"https:\/\/blog.polityka.pl\/adamczewski\/wp-json\/wp\/v2\/posts\/8890\/revisions"}],"wp:attachment":[{"href":"https:\/\/blog.polityka.pl\/adamczewski\/wp-json\/wp\/v2\/media?parent=8890"}],"wp:term":[{"taxonomy":"category","embeddable":true,"href":"https:\/\/blog.polityka.pl\/adamczewski\/wp-json\/wp\/v2\/categories?post=8890"},{"taxonomy":"post_tag","embeddable":true,"href":"https:\/\/blog.polityka.pl\/adamczewski\/wp-json\/wp\/v2\/tags?post=8890"}],"curies":[{"name":"wp","href":"https:\/\/api.w.org\/{rel}","templated":true}]}}