
{"id":8903,"date":"2008-01-11T15:58:00","date_gmt":"2008-01-11T15:58:00","guid":{"rendered":"http:\/\/adamczewscy.pl\/?p=924"},"modified":"2008-01-11T15:58:00","modified_gmt":"2008-01-11T15:58:00","slug":"placki-ziemniaczane-inaczej","status":"publish","type":"post","link":"https:\/\/blog.polityka.pl\/adamczewski\/2008\/01\/11\/placki-ziemniaczane-inaczej\/","title":{"rendered":"Placki ziemniaczane inaczej"},"content":{"rendered":"<p>(6 porcji)<br \/>\n8 du\u017cych ziemniak\u00f3w,  du\u017ca cebula,  jajko, 3 \u0142y\u017cki m\u0105ki,  z\u0105bek czosnku, s\u00f3l, pieprz, 4 \u0142y\u017cki oleju.<br \/>\n1. Umyte i obrane ziemniaki zetrze\u0107 (mo\u017cna w malakserze) na tarce  z du\u017cymi otworami, cebul\u0119 za\u015b na drobnych oczkach tarki.<br \/>\n2. Do ziemniak\u00f3w doda\u0107 m\u0105k\u0119, jajko, roztarty z sol\u0105 z\u0105bek czosnku, pieprz i dobrze wymiesza\u0107.<br \/>\n3. Mas\u0119 nak\u0142ada\u0107 \u0142y\u017ck\u0105 na gor\u0105cy olej, sma\u017cy\u0107 z obu stron, a\u017c placki b\u0119d\u0105 rumiane.<\/p>\n","protected":false},"excerpt":{"rendered":"<p>(6 porcji) 8 du\u017cych ziemniak\u00f3w, du\u017ca cebula, jajko, 3 \u0142y\u017cki m\u0105ki, z\u0105bek czosnku, s\u00f3l, pieprz, 4 \u0142y\u017cki oleju. 1. Umyte i obrane ziemniaki zetrze\u0107 (mo\u017cna w malakserze) na tarce z du\u017cymi otworami, cebul\u0119 za\u015b na drobnych oczkach tarki. 2. Do ziemniak\u00f3w doda\u0107 m\u0105k\u0119, jajko, roztarty z sol\u0105 z\u0105bek czosnku, pieprz i dobrze wymiesza\u0107. 3. Mas\u0119 [&hellip;]<\/p>\n","protected":false},"author":2,"featured_media":0,"comment_status":"open","ping_status":"open","sticky":false,"template":"","format":"standard","meta":{"footnotes":""},"categories":[1],"tags":[],"_links":{"self":[{"href":"https:\/\/blog.polityka.pl\/adamczewski\/wp-json\/wp\/v2\/posts\/8903"}],"collection":[{"href":"https:\/\/blog.polityka.pl\/adamczewski\/wp-json\/wp\/v2\/posts"}],"about":[{"href":"https:\/\/blog.polityka.pl\/adamczewski\/wp-json\/wp\/v2\/types\/post"}],"author":[{"embeddable":true,"href":"https:\/\/blog.polityka.pl\/adamczewski\/wp-json\/wp\/v2\/users\/2"}],"replies":[{"embeddable":true,"href":"https:\/\/blog.polityka.pl\/adamczewski\/wp-json\/wp\/v2\/comments?post=8903"}],"version-history":[{"count":0,"href":"https:\/\/blog.polityka.pl\/adamczewski\/wp-json\/wp\/v2\/posts\/8903\/revisions"}],"wp:attachment":[{"href":"https:\/\/blog.polityka.pl\/adamczewski\/wp-json\/wp\/v2\/media?parent=8903"}],"wp:term":[{"taxonomy":"category","embeddable":true,"href":"https:\/\/blog.polityka.pl\/adamczewski\/wp-json\/wp\/v2\/categories?post=8903"},{"taxonomy":"post_tag","embeddable":true,"href":"https:\/\/blog.polityka.pl\/adamczewski\/wp-json\/wp\/v2\/tags?post=8903"}],"curies":[{"name":"wp","href":"https:\/\/api.w.org\/{rel}","templated":true}]}}