
{"id":8904,"date":"2008-01-11T15:58:00","date_gmt":"2008-01-11T15:58:00","guid":{"rendered":"http:\/\/adamczewscy.pl\/?p=925"},"modified":"2008-01-11T15:58:00","modified_gmt":"2008-01-11T15:58:00","slug":"knedle-ze-sliwkami","status":"publish","type":"post","link":"https:\/\/blog.polityka.pl\/adamczewski\/2008\/01\/11\/knedle-ze-sliwkami\/","title":{"rendered":"Knedle ze \u015bliwkami"},"content":{"rendered":"<p>(6 porcji)<br \/>\n8 du\u017cych ziemniak\u00f3w,  szklanka m\u0105ki, 2 \u0142y\u017cki m\u0105ki ziemniaczanej,  jajko, 2 \u017c\u00f3\u0142tka, s\u00f3l, 3\/4 kg \u015bliwek bez pestek, 2 \u0142y\u017cki mas\u0142a lub margaryny, 2 \u0142y\u017cki tartej bu\u0142ki.<br \/>\n1. Ugotowane jeszcze gor\u0105ce ziemniaki przecisn\u0105\u0107  przez prask\u0119 do pur\u00e9e lub zemle\u0107 w maszynce.<br \/>\n2. Do ostudzonych ziemniak\u00f3w doda\u0107 obie m\u0105ki, wbi\u0107 jajko oraz \u017c\u00f3\u0142tka i wyrobi\u0107 ciasto.<br \/>\n3. Z ciasta uformowa\u0107 wa\u0142ek posypuj\u0105c lekko m\u0105k\u0105,  wa\u0142ek pokroi\u0107 na ma\u0142e kawa\u0142ki, z kt\u00f3rych kszta\u0142towa\u0107 na d\u0142oni placuszki.<br \/>\n4. Na ka\u017cdy placuszek k\u0142a\u015b\u0107 \u015bliwk\u0119 i zalepia\u0107 formuj\u0105c kulk\u0119.<br \/>\n5. Knedle gotowa\u0107 w osolonym wrz\u0105tku, po ok. 3 min od zagotowania, wyjmowa\u0107 \u0142y\u017ck\u0105 cedzakow\u0105 na p\u00f3\u0142misek, polewa\u0107 mas\u0142em ze zrumienion\u0105 bu\u0142k\u0105.<br \/>\nNiekt\u00f3rzy lubi\u0105 knedle posypa\u0107 cukrem, inni wol\u0105 je jako danie nie s\u0142odkie.<\/p>\n","protected":false},"excerpt":{"rendered":"<p>(6 porcji) 8 du\u017cych ziemniak\u00f3w, szklanka m\u0105ki, 2 \u0142y\u017cki m\u0105ki ziemniaczanej, jajko, 2 \u017c\u00f3\u0142tka, s\u00f3l, 3\/4 kg \u015bliwek bez pestek, 2 \u0142y\u017cki mas\u0142a lub margaryny, 2 \u0142y\u017cki tartej bu\u0142ki. 1. Ugotowane jeszcze gor\u0105ce ziemniaki przecisn\u0105\u0107 przez prask\u0119 do pur\u00e9e lub zemle\u0107 w maszynce. 2. Do ostudzonych ziemniak\u00f3w doda\u0107 obie m\u0105ki, wbi\u0107 jajko oraz \u017c\u00f3\u0142tka i [&hellip;]<\/p>\n","protected":false},"author":2,"featured_media":0,"comment_status":"open","ping_status":"open","sticky":false,"template":"","format":"standard","meta":{"footnotes":""},"categories":[1],"tags":[],"_links":{"self":[{"href":"https:\/\/blog.polityka.pl\/adamczewski\/wp-json\/wp\/v2\/posts\/8904"}],"collection":[{"href":"https:\/\/blog.polityka.pl\/adamczewski\/wp-json\/wp\/v2\/posts"}],"about":[{"href":"https:\/\/blog.polityka.pl\/adamczewski\/wp-json\/wp\/v2\/types\/post"}],"author":[{"embeddable":true,"href":"https:\/\/blog.polityka.pl\/adamczewski\/wp-json\/wp\/v2\/users\/2"}],"replies":[{"embeddable":true,"href":"https:\/\/blog.polityka.pl\/adamczewski\/wp-json\/wp\/v2\/comments?post=8904"}],"version-history":[{"count":0,"href":"https:\/\/blog.polityka.pl\/adamczewski\/wp-json\/wp\/v2\/posts\/8904\/revisions"}],"wp:attachment":[{"href":"https:\/\/blog.polityka.pl\/adamczewski\/wp-json\/wp\/v2\/media?parent=8904"}],"wp:term":[{"taxonomy":"category","embeddable":true,"href":"https:\/\/blog.polityka.pl\/adamczewski\/wp-json\/wp\/v2\/categories?post=8904"},{"taxonomy":"post_tag","embeddable":true,"href":"https:\/\/blog.polityka.pl\/adamczewski\/wp-json\/wp\/v2\/tags?post=8904"}],"curies":[{"name":"wp","href":"https:\/\/api.w.org\/{rel}","templated":true}]}}