
{"id":8914,"date":"2008-01-11T15:58:00","date_gmt":"2008-01-11T15:58:00","guid":{"rendered":"http:\/\/adamczewscy.pl\/?p=935"},"modified":"2008-01-11T15:58:00","modified_gmt":"2008-01-11T15:58:00","slug":"fasolka-po-bretonsku","status":"publish","type":"post","link":"https:\/\/blog.polityka.pl\/adamczewski\/2008\/01\/11\/fasolka-po-bretonsku\/","title":{"rendered":"Fasolka po breto\u0144sku"},"content":{"rendered":"<p>(4 porcje)<br \/>\n30 dag fasoli \u0084Ja\u015b&#8221;, ok.15 dag kie\u0142basy, 2 plasterki w\u0119dzonego boczku (ale niekoniecznie), 2 cebule, ma\u0142a puszka przecieru pomidorowego, olej, majeranek, bazylia, s\u00f3l, pieprz,  przyprawa warzywna lub do zup,  \u0142y\u017cka m\u0105ki.<br \/>\n1. Fasol\u0119 zala\u0107 ciep\u0142\u0105 przegotowan\u0105 wod\u0105 (najlepiej na noc). Podczas moczenia podwoi swoj\u0105 obj\u0119to\u015b\u0107.<br \/>\n2. Nast\u0119pnego dnia ugotowa\u0107 fasol\u0119 w wodzie, w kt\u00f3rej moczy\u0142a si\u0119.<br \/>\n3. Na patelni zrumieni\u0107 drobno pokrojon\u0105 cebul\u0119 wraz ze skwarkami z boczku, nast\u0119pnie doda\u0107 pokrojon\u0105 w kostk\u0119 kie\u0142bas\u0119 i prze\u0142o\u017cy\u0107 do rondla z fasol\u0105.<br \/>\n4. Doda\u0107 przecier pomidorowy, przyprawy, przypr\u00f3szy\u0107 m\u0105k\u0105 i gotowa\u0107 na ma\u0142ym ogniu 15 min. Uzupe\u0142ni\u0107, je\u015bli trzeba, wyparowan\u0105 wod\u0119, tak aby fasola p\u0142ywa\u0142a w sosie.<\/p>\n","protected":false},"excerpt":{"rendered":"<p>(4 porcje) 30 dag fasoli \u0084Ja\u015b&#8221;, ok.15 dag kie\u0142basy, 2 plasterki w\u0119dzonego boczku (ale niekoniecznie), 2 cebule, ma\u0142a puszka przecieru pomidorowego, olej, majeranek, bazylia, s\u00f3l, pieprz, przyprawa warzywna lub do zup, \u0142y\u017cka m\u0105ki. 1. Fasol\u0119 zala\u0107 ciep\u0142\u0105 przegotowan\u0105 wod\u0105 (najlepiej na noc). Podczas moczenia podwoi swoj\u0105 obj\u0119to\u015b\u0107. 2. Nast\u0119pnego dnia ugotowa\u0107 fasol\u0119 w wodzie, w [&hellip;]<\/p>\n","protected":false},"author":2,"featured_media":0,"comment_status":"open","ping_status":"open","sticky":false,"template":"","format":"standard","meta":{"footnotes":""},"categories":[1],"tags":[],"_links":{"self":[{"href":"https:\/\/blog.polityka.pl\/adamczewski\/wp-json\/wp\/v2\/posts\/8914"}],"collection":[{"href":"https:\/\/blog.polityka.pl\/adamczewski\/wp-json\/wp\/v2\/posts"}],"about":[{"href":"https:\/\/blog.polityka.pl\/adamczewski\/wp-json\/wp\/v2\/types\/post"}],"author":[{"embeddable":true,"href":"https:\/\/blog.polityka.pl\/adamczewski\/wp-json\/wp\/v2\/users\/2"}],"replies":[{"embeddable":true,"href":"https:\/\/blog.polityka.pl\/adamczewski\/wp-json\/wp\/v2\/comments?post=8914"}],"version-history":[{"count":0,"href":"https:\/\/blog.polityka.pl\/adamczewski\/wp-json\/wp\/v2\/posts\/8914\/revisions"}],"wp:attachment":[{"href":"https:\/\/blog.polityka.pl\/adamczewski\/wp-json\/wp\/v2\/media?parent=8914"}],"wp:term":[{"taxonomy":"category","embeddable":true,"href":"https:\/\/blog.polityka.pl\/adamczewski\/wp-json\/wp\/v2\/categories?post=8914"},{"taxonomy":"post_tag","embeddable":true,"href":"https:\/\/blog.polityka.pl\/adamczewski\/wp-json\/wp\/v2\/tags?post=8914"}],"curies":[{"name":"wp","href":"https:\/\/api.w.org\/{rel}","templated":true}]}}