
{"id":8956,"date":"2008-01-11T15:58:00","date_gmt":"2008-01-11T15:58:00","guid":{"rendered":"http:\/\/adamczewscy.pl\/?p=978"},"modified":"2008-01-11T15:58:00","modified_gmt":"2008-01-11T15:58:00","slug":"ciasto-kokosowe","status":"publish","type":"post","link":"https:\/\/blog.polityka.pl\/adamczewski\/2008\/01\/11\/ciasto-kokosowe\/","title":{"rendered":"Ciasto kokosowe"},"content":{"rendered":"<p>2 szklanki m\u0105ki, 1 1\/2 szklanki cukru, 4 jajka,  kostka  mas\u0142a lub margaryny, 1 1\/2 szklanki wi\u00f3rk\u00f3w kokosowych, olejek rumowy, 2 \u0142y\u017ceczki proszku do pieczenia,  \u0142y\u017cka mas\u0142a lub margaryny do wysmarowania blachy,  \u0142y\u017cka tartej bu\u0142ki.<br \/>\n1. Utrze\u0107 \u017c\u00f3\u0142tka z cukrem na puszyst\u0105 mas\u0119.<br \/>\n2. Do utartych \u017c\u00f3\u0142tek doda\u0107 rozpuszczon\u0105 i ostudzon\u0105 margaryn\u0119, przesian\u0105 m\u0105k\u0119, proszek, olejek i wszystko dobrze wymiesza\u0107 mikserem.<br \/>\n3. Ubite na pian\u0119 bia\u0142ka i  szklank\u0119 wi\u00f3rk\u00f3w doda\u0107 do ciasta i delikatnie wymiesza\u0107.<br \/>\n4. Pod\u0142u\u017cn\u0105 blach\u0119 wysmarowa\u0107 t\u0142uszczem, posypa\u0107 bu\u0142k\u0105 i wla\u0107 ciasto.<br \/>\n5. Piec w gor\u0105cym piekarniku ok. 45 min., sprawdzi\u0107 patyczkiem, gdy b\u0119dzie suchy &#8211; ciasto gotowe. Pod koniec pieczenia posypa\u0107 ciasto na wierzchu reszt\u0105 wi\u00f3rk\u00f3w kokosowych.<\/p>\n","protected":false},"excerpt":{"rendered":"<p>2 szklanki m\u0105ki, 1 1\/2 szklanki cukru, 4 jajka, kostka mas\u0142a lub margaryny, 1 1\/2 szklanki wi\u00f3rk\u00f3w kokosowych, olejek rumowy, 2 \u0142y\u017ceczki proszku do pieczenia, \u0142y\u017cka mas\u0142a lub margaryny do wysmarowania blachy, \u0142y\u017cka tartej bu\u0142ki. 1. Utrze\u0107 \u017c\u00f3\u0142tka z cukrem na puszyst\u0105 mas\u0119. 2. Do utartych \u017c\u00f3\u0142tek doda\u0107 rozpuszczon\u0105 i ostudzon\u0105 margaryn\u0119, przesian\u0105 m\u0105k\u0119, proszek, [&hellip;]<\/p>\n","protected":false},"author":2,"featured_media":0,"comment_status":"open","ping_status":"open","sticky":false,"template":"","format":"standard","meta":{"footnotes":""},"categories":[1],"tags":[],"_links":{"self":[{"href":"https:\/\/blog.polityka.pl\/adamczewski\/wp-json\/wp\/v2\/posts\/8956"}],"collection":[{"href":"https:\/\/blog.polityka.pl\/adamczewski\/wp-json\/wp\/v2\/posts"}],"about":[{"href":"https:\/\/blog.polityka.pl\/adamczewski\/wp-json\/wp\/v2\/types\/post"}],"author":[{"embeddable":true,"href":"https:\/\/blog.polityka.pl\/adamczewski\/wp-json\/wp\/v2\/users\/2"}],"replies":[{"embeddable":true,"href":"https:\/\/blog.polityka.pl\/adamczewski\/wp-json\/wp\/v2\/comments?post=8956"}],"version-history":[{"count":0,"href":"https:\/\/blog.polityka.pl\/adamczewski\/wp-json\/wp\/v2\/posts\/8956\/revisions"}],"wp:attachment":[{"href":"https:\/\/blog.polityka.pl\/adamczewski\/wp-json\/wp\/v2\/media?parent=8956"}],"wp:term":[{"taxonomy":"category","embeddable":true,"href":"https:\/\/blog.polityka.pl\/adamczewski\/wp-json\/wp\/v2\/categories?post=8956"},{"taxonomy":"post_tag","embeddable":true,"href":"https:\/\/blog.polityka.pl\/adamczewski\/wp-json\/wp\/v2\/tags?post=8956"}],"curies":[{"name":"wp","href":"https:\/\/api.w.org\/{rel}","templated":true}]}}