
{"id":8959,"date":"2008-01-11T15:58:00","date_gmt":"2008-01-11T15:58:00","guid":{"rendered":"http:\/\/adamczewscy.pl\/?p=981"},"modified":"2008-01-11T15:58:00","modified_gmt":"2008-01-11T15:58:00","slug":"tort-krolewski-anity","status":"publish","type":"post","link":"https:\/\/blog.polityka.pl\/adamczewski\/2008\/01\/11\/tort-krolewski-anity\/","title":{"rendered":"Tort kr\u00f3lewski Anity"},"content":{"rendered":"<p>Ciasto: 3\/4 szklanki m\u0105ki, 4 \u0142y\u017cki mas\u0142a, 3 \u0142y\u017cki cukru pudru, 2 \u017c\u00f3\u0142tka.<br \/>\nGalaretka: 2 1\/2 szklanki cukru, 1\/4 szklanki wody, 1 kg szarych renet, cukier waniliowy.<br \/>\nMasa: 20 dag mielonych orzech\u00f3w, 6 \u0142y\u017cek mleka,  kostka mas\u0142a, 2 szklanki cukru pudru.<br \/>\n1. Usieka\u0107 przesian\u0105 m\u0105k\u0119 z mas\u0142em, doda\u0107 \u017c\u00f3\u0142tka utarte z cukrem pudrem, zagnie\u015b\u0107 ciasto, po czym wstawi\u0107 do lod\u00f3wki na 1\/2 godz.<br \/>\n2. Po wyj\u0119ciu z lod\u00f3wki upiec z niego cienki sp\u00f3d do tortu w \u015bredniej tortownicy.<br \/>\n3. Ugotowa\u0107 syrop z cukru i wody i do gor\u0105cego wrzuci\u0107 obrane i pokrojone jab\u0142ka. Doda\u0107 cukier waniliowy. Sma\u017cy\u0107 na niewielkim ogniu a\u017c do uzyskania z\u0142ocistej galaretki, zdj\u0105\u0107 z ognia i po przestudzeniu wy\u0142o\u017cy\u0107 na upieczony sp\u00f3d.<br \/>\n4. Przygotowa\u0107 mas\u0119: orzechy zagotowa\u0107 z mlekiem na ma\u0142ym ogniu, gdy przestygn\u0105, mieszaj\u0105c dodawa\u0107 do mas\u0142a roztartego z cukrem pudrem.<br \/>\n8. Mas\u0119 rozsmarowa\u0107 na galaretce, przybra\u0107 orzechami i wstawi\u0107 tort do lod\u00f3wki.<br \/>\nTort podawa\u0107 bezpo\u015brednio z lod\u00f3wki.<\/p>\n","protected":false},"excerpt":{"rendered":"<p>Ciasto: 3\/4 szklanki m\u0105ki, 4 \u0142y\u017cki mas\u0142a, 3 \u0142y\u017cki cukru pudru, 2 \u017c\u00f3\u0142tka. Galaretka: 2 1\/2 szklanki cukru, 1\/4 szklanki wody, 1 kg szarych renet, cukier waniliowy. Masa: 20 dag mielonych orzech\u00f3w, 6 \u0142y\u017cek mleka, kostka mas\u0142a, 2 szklanki cukru pudru. 1. Usieka\u0107 przesian\u0105 m\u0105k\u0119 z mas\u0142em, doda\u0107 \u017c\u00f3\u0142tka utarte z cukrem pudrem, zagnie\u015b\u0107 ciasto, [&hellip;]<\/p>\n","protected":false},"author":2,"featured_media":0,"comment_status":"open","ping_status":"open","sticky":false,"template":"","format":"standard","meta":{"footnotes":""},"categories":[1],"tags":[],"_links":{"self":[{"href":"https:\/\/blog.polityka.pl\/adamczewski\/wp-json\/wp\/v2\/posts\/8959"}],"collection":[{"href":"https:\/\/blog.polityka.pl\/adamczewski\/wp-json\/wp\/v2\/posts"}],"about":[{"href":"https:\/\/blog.polityka.pl\/adamczewski\/wp-json\/wp\/v2\/types\/post"}],"author":[{"embeddable":true,"href":"https:\/\/blog.polityka.pl\/adamczewski\/wp-json\/wp\/v2\/users\/2"}],"replies":[{"embeddable":true,"href":"https:\/\/blog.polityka.pl\/adamczewski\/wp-json\/wp\/v2\/comments?post=8959"}],"version-history":[{"count":0,"href":"https:\/\/blog.polityka.pl\/adamczewski\/wp-json\/wp\/v2\/posts\/8959\/revisions"}],"wp:attachment":[{"href":"https:\/\/blog.polityka.pl\/adamczewski\/wp-json\/wp\/v2\/media?parent=8959"}],"wp:term":[{"taxonomy":"category","embeddable":true,"href":"https:\/\/blog.polityka.pl\/adamczewski\/wp-json\/wp\/v2\/categories?post=8959"},{"taxonomy":"post_tag","embeddable":true,"href":"https:\/\/blog.polityka.pl\/adamczewski\/wp-json\/wp\/v2\/tags?post=8959"}],"curies":[{"name":"wp","href":"https:\/\/api.w.org\/{rel}","templated":true}]}}