
{"id":8964,"date":"2008-01-11T15:58:00","date_gmt":"2008-01-11T15:58:00","guid":{"rendered":"http:\/\/adamczewscy.pl\/?p=986"},"modified":"2008-01-11T15:58:00","modified_gmt":"2008-01-11T15:58:00","slug":"krem-cytrynowy-ali-do-tortu","status":"publish","type":"post","link":"https:\/\/blog.polityka.pl\/adamczewski\/2008\/01\/11\/krem-cytrynowy-ali-do-tortu\/","title":{"rendered":"Krem cytrynowy Ali do tortu"},"content":{"rendered":"<p>Szklanka wody,  szklanka cukru, 3 p\u0142askie \u0142y\u017ceczki m\u0105ki krupczatki,  kostka mas\u0142a,  cytryna.<br \/>\n1. Zagotowa\u0107 wod\u0119 z cukrem.<br \/>\n2. M\u0105k\u0119 rozetrze\u0107 z 1\/3 szklanki zimnej wody i wla\u0107 do wody z cukrem stale mieszaj\u0105c. Gotowa\u0107 do konsystencji \u0084kisielu&#8221;.<br \/>\n3. Mas\u0142o uciera\u0107 w makutrze i dodawa\u0107 po \u0142y\u017ceczce ostudzony \u0084kisiel&#8221;.<br \/>\n4. Do masy doda\u0107 sk\u00f3rk\u0119 start\u0105 z umytej i sparzonej cytryny i, po kropelce, sok cytrynowy wyci\u015bni\u0119ty z ca\u0142ej cytryny.<br \/>\nDo kremu mo\u017cna doda\u0107 orzechy, migda\u0142y, rodzynki, pokruszone bezy. Mo\u017cna nim przek\u0142ada\u0107 placki z kruchego ciasta.<\/p>\n","protected":false},"excerpt":{"rendered":"<p>Szklanka wody, szklanka cukru, 3 p\u0142askie \u0142y\u017ceczki m\u0105ki krupczatki, kostka mas\u0142a, cytryna. 1. Zagotowa\u0107 wod\u0119 z cukrem. 2. M\u0105k\u0119 rozetrze\u0107 z 1\/3 szklanki zimnej wody i wla\u0107 do wody z cukrem stale mieszaj\u0105c. Gotowa\u0107 do konsystencji \u0084kisielu&#8221;. 3. Mas\u0142o uciera\u0107 w makutrze i dodawa\u0107 po \u0142y\u017ceczce ostudzony \u0084kisiel&#8221;. 4. Do masy doda\u0107 sk\u00f3rk\u0119 start\u0105 z [&hellip;]<\/p>\n","protected":false},"author":2,"featured_media":0,"comment_status":"open","ping_status":"open","sticky":false,"template":"","format":"standard","meta":{"footnotes":""},"categories":[1],"tags":[],"_links":{"self":[{"href":"https:\/\/blog.polityka.pl\/adamczewski\/wp-json\/wp\/v2\/posts\/8964"}],"collection":[{"href":"https:\/\/blog.polityka.pl\/adamczewski\/wp-json\/wp\/v2\/posts"}],"about":[{"href":"https:\/\/blog.polityka.pl\/adamczewski\/wp-json\/wp\/v2\/types\/post"}],"author":[{"embeddable":true,"href":"https:\/\/blog.polityka.pl\/adamczewski\/wp-json\/wp\/v2\/users\/2"}],"replies":[{"embeddable":true,"href":"https:\/\/blog.polityka.pl\/adamczewski\/wp-json\/wp\/v2\/comments?post=8964"}],"version-history":[{"count":0,"href":"https:\/\/blog.polityka.pl\/adamczewski\/wp-json\/wp\/v2\/posts\/8964\/revisions"}],"wp:attachment":[{"href":"https:\/\/blog.polityka.pl\/adamczewski\/wp-json\/wp\/v2\/media?parent=8964"}],"wp:term":[{"taxonomy":"category","embeddable":true,"href":"https:\/\/blog.polityka.pl\/adamczewski\/wp-json\/wp\/v2\/categories?post=8964"},{"taxonomy":"post_tag","embeddable":true,"href":"https:\/\/blog.polityka.pl\/adamczewski\/wp-json\/wp\/v2\/tags?post=8964"}],"curies":[{"name":"wp","href":"https:\/\/api.w.org\/{rel}","templated":true}]}}